{"id":4682,"date":"2023-05-29T06:53:47","date_gmt":"2023-05-29T04:53:47","guid":{"rendered":"https:\/\/montignyvelonature.fr\/?p=4682"},"modified":"2023-05-29T06:54:29","modified_gmt":"2023-05-29T04:54:29","slug":"anniversaire-des-20-ans-de-lecole-velo","status":"publish","type":"post","link":"https:\/\/montignyvelonature.fr\/?p=4682","title":{"rendered":"Anniversaire des 20 ans de l&rsquo;\u00e9cole v\u00e9lo"},"content":{"rendered":"\n<p>L&rsquo;aventure a d\u00e9but\u00e9 samedi 29 mars 2003 et ce sont des milliers d&rsquo;enfants qui ont roul\u00e9 avec le club ou dans les \u00e9coles primaires gr\u00e2ce aux \u00e9ducateurs du club. Ce samedi 27 mai, 80 personnes \u00e9taient pr\u00e9sentes pour l&rsquo;anniversaire avec des repr\u00e9sentants des \u00e9coles de Dieulouard (54), Ennery (57), Marbache (54), Puttelange (57), Freyming-Merlebach (57), Ch\u00e2teau-Salins (57). En journ\u00e9e, tous sont mont\u00e9s sur le plateau de Roz\u00e9rieulles pour assister au d\u00e9part des crapauds et au spectacle de BMX. En fin d&rsquo;apr\u00e8s-midi, retour \u00e0 Montigny, pour le gouter, la c\u00e9r\u00e9monie d&rsquo;anniversaire, l&rsquo;ap\u00e9ro et un barbecue. Enfin, en soir\u00e9e, une trentaine d&rsquo;entre eux sont mont\u00e9s une seconde fois sur le plateau pour assister au feu d&rsquo;artifice. La journ\u00e9e s&rsquo;est termin\u00e9e \u00e0 minuit, aves pr\u00e8s de 40 km de VTT, un bon coup de soleil et des images de VTT plein la t\u00eate. Vivement les 20 prochaines ann\u00e9es !<\/p>\n\n\n\n<figure class=\"wp-block-image size-large\"><img fetchpriority=\"high\" decoding=\"async\" width=\"1024\" height=\"768\" src=\"https:\/\/montignyvelonature.fr\/wp-content\/uploads\/2023\/05\/20230527_121846-1024x768.jpg\" alt=\"\" class=\"wp-image-4681\" srcset=\"https:\/\/montignyvelonature.fr\/wp-content\/uploads\/2023\/05\/20230527_121846-1024x768.jpg 1024w, https:\/\/montignyvelonature.fr\/wp-content\/uploads\/2023\/05\/20230527_121846-300x225.jpg 300w, https:\/\/montignyvelonature.fr\/wp-content\/uploads\/2023\/05\/20230527_121846-768x576.jpg 768w, https:\/\/montignyvelonature.fr\/wp-content\/uploads\/2023\/05\/20230527_121846.jpg 1200w\" sizes=\"(max-width: 1024px) 100vw, 1024px\" \/><\/figure>\n\n\n\n<figure class=\"wp-block-image size-large\"><img decoding=\"async\" width=\"1024\" height=\"768\" src=\"https:\/\/montignyvelonature.fr\/wp-content\/uploads\/2023\/05\/20230527_155919-1024x768.jpg\" alt=\"\" class=\"wp-image-4679\" srcset=\"https:\/\/montignyvelonature.fr\/wp-content\/uploads\/2023\/05\/20230527_155919-1024x768.jpg 1024w, https:\/\/montignyvelonature.fr\/wp-content\/uploads\/2023\/05\/20230527_155919-300x225.jpg 300w, https:\/\/montignyvelonature.fr\/wp-content\/uploads\/2023\/05\/20230527_155919-768x576.jpg 768w, https:\/\/montignyvelonature.fr\/wp-content\/uploads\/2023\/05\/20230527_155919.jpg 1200w\" sizes=\"(max-width: 1024px) 100vw, 1024px\" \/><\/figure>\n","protected":false},"excerpt":{"rendered":"<p>L&rsquo;aventure a d\u00e9but\u00e9 samedi 29 mars 2003 et ce sont des milliers d&rsquo;enfants qui ont roul\u00e9 avec le club ou dans les \u00e9coles primaires gr\u00e2ce aux \u00e9ducateurs du club. Ce samedi 27 mai, 80 personnes \u00e9taient pr\u00e9sentes pour l&rsquo;anniversaire avec des repr\u00e9sentants des \u00e9coles de Dieulouard (54), Ennery (57), Marbache (54), Puttelange (57), Freyming-Merlebach (57), [&hellip;]<\/p>\n","protected":false},"author":1,"featured_media":4680,"comment_status":"closed","ping_status":"open","sticky":false,"template":"","format":"standard","meta":{"footnotes":""},"categories":[6],"tags":[],"class_list":["post-4682","post","type-post","status-publish","format-standard","has-post-thumbnail","hentry","category-ecole"],"_links":{"self":[{"href":"https:\/\/montignyvelonature.fr\/index.php?rest_route=\/wp\/v2\/posts\/4682"}],"collection":[{"href":"https:\/\/montignyvelonature.fr\/index.php?rest_route=\/wp\/v2\/posts"}],"about":[{"href":"https:\/\/montignyvelonature.fr\/index.php?rest_route=\/wp\/v2\/types\/post"}],"author":[{"embeddable":true,"href":"https:\/\/montignyvelonature.fr\/index.php?rest_route=\/wp\/v2\/users\/1"}],"replies":[{"embeddable":true,"href":"https:\/\/montignyvelonature.fr\/index.php?rest_route=%2Fwp%2Fv2%2Fcomments&post=4682"}],"version-history":[{"count":2,"href":"https:\/\/montignyvelonature.fr\/index.php?rest_route=\/wp\/v2\/posts\/4682\/revisions"}],"predecessor-version":[{"id":4684,"href":"https:\/\/montignyvelonature.fr\/index.php?rest_route=\/wp\/v2\/posts\/4682\/revisions\/4684"}],"wp:featuredmedia":[{"embeddable":true,"href":"https:\/\/montignyvelonature.fr\/index.php?rest_route=\/wp\/v2\/media\/4680"}],"wp:attachment":[{"href":"https:\/\/montignyvelonature.fr\/index.php?rest_route=%2Fwp%2Fv2%2Fmedia&parent=4682"}],"wp:term":[{"taxonomy":"category","embeddable":true,"href":"https:\/\/montignyvelonature.fr\/index.php?rest_route=%2Fwp%2Fv2%2Fcategories&post=4682"},{"taxonomy":"post_tag","embeddable":true,"href":"https:\/\/montignyvelonature.fr\/index.php?rest_route=%2Fwp%2Fv2%2Ftags&post=4682"}],"curies":[{"name":"wp","href":"https:\/\/api.w.org\/{rel}","templated":true}]}}