{"id":5629,"date":"2024-04-15T22:01:17","date_gmt":"2024-04-15T20:01:17","guid":{"rendered":"https:\/\/montignyvelonature.fr\/?p=5629"},"modified":"2024-04-15T22:01:25","modified_gmt":"2024-04-15T20:01:25","slug":"criterium-departemental-vtt-2","status":"publish","type":"post","link":"https:\/\/montignyvelonature.fr\/?p=5629","title":{"rendered":"Crit\u00e9rium d\u00e9partemental VTT"},"content":{"rendered":"\n<p>Dimanche 7 avril, c&rsquo;\u00e9tait le crit\u00e9rium Route pour les jeunes de MVN \u00e0 Puttelange-aux-Lacs. 7 MVN ont particip\u00e9. 5 d&rsquo;entre eux se sont qualifi\u00e9s pour la finale r\u00e9gionale : Aloys, Evan, Barth\u00e9l\u00e9my, Anatole et Simon. Bravo \u00e0 tous.<\/p>\n\n\n\n<figure class=\"wp-block-image size-large\"><img fetchpriority=\"high\" decoding=\"async\" width=\"1024\" height=\"768\" src=\"https:\/\/montignyvelonature.fr\/wp-content\/uploads\/2024\/04\/20240407_154935-1024x768.jpg\" alt=\"\" class=\"wp-image-5631\" srcset=\"https:\/\/montignyvelonature.fr\/wp-content\/uploads\/2024\/04\/20240407_154935-1024x768.jpg 1024w, https:\/\/montignyvelonature.fr\/wp-content\/uploads\/2024\/04\/20240407_154935-300x225.jpg 300w, https:\/\/montignyvelonature.fr\/wp-content\/uploads\/2024\/04\/20240407_154935-768x576.jpg 768w, https:\/\/montignyvelonature.fr\/wp-content\/uploads\/2024\/04\/20240407_154935-1536x1152.jpg 1536w, https:\/\/montignyvelonature.fr\/wp-content\/uploads\/2024\/04\/20240407_154935-2048x1536.jpg 2048w\" sizes=\"(max-width: 1024px) 100vw, 1024px\" \/><\/figure>\n","protected":false},"excerpt":{"rendered":"<p>Dimanche 7 avril, c&rsquo;\u00e9tait le crit\u00e9rium Route pour les jeunes de MVN \u00e0 Puttelange-aux-Lacs. 7 MVN ont particip\u00e9. 5 d&rsquo;entre eux se sont qualifi\u00e9s pour la finale r\u00e9gionale : Aloys, Evan, Barth\u00e9l\u00e9my, Anatole et Simon. Bravo \u00e0 tous.<\/p>\n","protected":false},"author":1,"featured_media":5630,"comment_status":"closed","ping_status":"open","sticky":false,"template":"","format":"standard","meta":{"footnotes":""},"categories":[6],"tags":[],"class_list":["post-5629","post","type-post","status-publish","format-standard","has-post-thumbnail","hentry","category-ecole"],"_links":{"self":[{"href":"https:\/\/montignyvelonature.fr\/index.php?rest_route=\/wp\/v2\/posts\/5629"}],"collection":[{"href":"https:\/\/montignyvelonature.fr\/index.php?rest_route=\/wp\/v2\/posts"}],"about":[{"href":"https:\/\/montignyvelonature.fr\/index.php?rest_route=\/wp\/v2\/types\/post"}],"author":[{"embeddable":true,"href":"https:\/\/montignyvelonature.fr\/index.php?rest_route=\/wp\/v2\/users\/1"}],"replies":[{"embeddable":true,"href":"https:\/\/montignyvelonature.fr\/index.php?rest_route=%2Fwp%2Fv2%2Fcomments&post=5629"}],"version-history":[{"count":1,"href":"https:\/\/montignyvelonature.fr\/index.php?rest_route=\/wp\/v2\/posts\/5629\/revisions"}],"predecessor-version":[{"id":5632,"href":"https:\/\/montignyvelonature.fr\/index.php?rest_route=\/wp\/v2\/posts\/5629\/revisions\/5632"}],"wp:featuredmedia":[{"embeddable":true,"href":"https:\/\/montignyvelonature.fr\/index.php?rest_route=\/wp\/v2\/media\/5630"}],"wp:attachment":[{"href":"https:\/\/montignyvelonature.fr\/index.php?rest_route=%2Fwp%2Fv2%2Fmedia&parent=5629"}],"wp:term":[{"taxonomy":"category","embeddable":true,"href":"https:\/\/montignyvelonature.fr\/index.php?rest_route=%2Fwp%2Fv2%2Fcategories&post=5629"},{"taxonomy":"post_tag","embeddable":true,"href":"https:\/\/montignyvelonature.fr\/index.php?rest_route=%2Fwp%2Fv2%2Ftags&post=5629"}],"curies":[{"name":"wp","href":"https:\/\/api.w.org\/{rel}","templated":true}]}}