{"id":6470,"date":"2025-03-03T06:33:06","date_gmt":"2025-03-03T05:33:06","guid":{"rendered":"https:\/\/montignyvelonature.fr\/?p=6470"},"modified":"2025-03-03T06:34:04","modified_gmt":"2025-03-03T05:34:04","slug":"science-center-dimanche-2-mars","status":"publish","type":"post","link":"https:\/\/montignyvelonature.fr\/?p=6470","title":{"rendered":"Science Center, dimanche 2 mars"},"content":{"rendered":"\n<p>Journ\u00e9e de l&rsquo;\u00e9cole VTT au Science Center \u00e0 Luxembourg dimanche 2 mars. 10 jeunes et 6 adultes ont effectu\u00e9 de nombreuses exp\u00e9riences scientifiques, ont effectu\u00e9 des d\u00e9fis contre des robots, ont d\u00e9fi\u00e9 les lois de la nature, ont \u00e9t\u00e9 mis \u00e0 40000 Volts ! Une belle journ\u00e9e, sans v\u00e9lo, mais particuli\u00e8rement int\u00e9ressante (et formatrice).<\/p>\n\n\n\n<figure class=\"wp-block-gallery has-nested-images columns-default is-cropped wp-block-gallery-1 is-layout-flex wp-block-gallery-is-layout-flex\">\n<figure class=\"wp-block-image size-large\"><img fetchpriority=\"high\" decoding=\"async\" width=\"900\" height=\"416\" data-id=\"6472\" src=\"https:\/\/montignyvelonature.fr\/wp-content\/uploads\/2025\/03\/20250302_131448.jpg\" alt=\"\" class=\"wp-image-6472\" srcset=\"https:\/\/montignyvelonature.fr\/wp-content\/uploads\/2025\/03\/20250302_131448.jpg 900w, https:\/\/montignyvelonature.fr\/wp-content\/uploads\/2025\/03\/20250302_131448-300x139.jpg 300w, https:\/\/montignyvelonature.fr\/wp-content\/uploads\/2025\/03\/20250302_131448-768x355.jpg 768w\" sizes=\"(max-width: 900px) 100vw, 900px\" \/><\/figure>\n\n\n\n<figure class=\"wp-block-image size-large\"><img decoding=\"async\" width=\"900\" height=\"416\" data-id=\"6474\" src=\"https:\/\/montignyvelonature.fr\/wp-content\/uploads\/2025\/03\/20250302_133714.jpg\" alt=\"\" class=\"wp-image-6474\" srcset=\"https:\/\/montignyvelonature.fr\/wp-content\/uploads\/2025\/03\/20250302_133714.jpg 900w, https:\/\/montignyvelonature.fr\/wp-content\/uploads\/2025\/03\/20250302_133714-300x139.jpg 300w, https:\/\/montignyvelonature.fr\/wp-content\/uploads\/2025\/03\/20250302_133714-768x355.jpg 768w\" sizes=\"(max-width: 900px) 100vw, 900px\" \/><\/figure>\n\n\n\n<figure class=\"wp-block-image size-large\"><img decoding=\"async\" width=\"900\" height=\"416\" data-id=\"6473\" src=\"https:\/\/montignyvelonature.fr\/wp-content\/uploads\/2025\/03\/20250302_154258.jpg\" alt=\"\" class=\"wp-image-6473\" srcset=\"https:\/\/montignyvelonature.fr\/wp-content\/uploads\/2025\/03\/20250302_154258.jpg 900w, https:\/\/montignyvelonature.fr\/wp-content\/uploads\/2025\/03\/20250302_154258-300x139.jpg 300w, https:\/\/montignyvelonature.fr\/wp-content\/uploads\/2025\/03\/20250302_154258-768x355.jpg 768w\" sizes=\"(max-width: 900px) 100vw, 900px\" \/><\/figure>\n<\/figure>\n","protected":false},"excerpt":{"rendered":"<p>Journ\u00e9e de l&rsquo;\u00e9cole VTT au Science Center \u00e0 Luxembourg dimanche 2 mars. 10 jeunes et 6 adultes ont effectu\u00e9 de nombreuses exp\u00e9riences scientifiques, ont effectu\u00e9 des d\u00e9fis contre des robots, ont d\u00e9fi\u00e9 les lois de la nature, ont \u00e9t\u00e9 mis \u00e0 40000 Volts ! Une belle journ\u00e9e, sans v\u00e9lo, mais particuli\u00e8rement int\u00e9ressante (et formatrice).<\/p>\n","protected":false},"author":1,"featured_media":6471,"comment_status":"closed","ping_status":"closed","sticky":false,"template":"","format":"standard","meta":{"footnotes":""},"categories":[6],"tags":[],"class_list":["post-6470","post","type-post","status-publish","format-standard","has-post-thumbnail","hentry","category-ecole"],"_links":{"self":[{"href":"https:\/\/montignyvelonature.fr\/index.php?rest_route=\/wp\/v2\/posts\/6470"}],"collection":[{"href":"https:\/\/montignyvelonature.fr\/index.php?rest_route=\/wp\/v2\/posts"}],"about":[{"href":"https:\/\/montignyvelonature.fr\/index.php?rest_route=\/wp\/v2\/types\/post"}],"author":[{"embeddable":true,"href":"https:\/\/montignyvelonature.fr\/index.php?rest_route=\/wp\/v2\/users\/1"}],"replies":[{"embeddable":true,"href":"https:\/\/montignyvelonature.fr\/index.php?rest_route=%2Fwp%2Fv2%2Fcomments&post=6470"}],"version-history":[{"count":1,"href":"https:\/\/montignyvelonature.fr\/index.php?rest_route=\/wp\/v2\/posts\/6470\/revisions"}],"predecessor-version":[{"id":6475,"href":"https:\/\/montignyvelonature.fr\/index.php?rest_route=\/wp\/v2\/posts\/6470\/revisions\/6475"}],"wp:featuredmedia":[{"embeddable":true,"href":"https:\/\/montignyvelonature.fr\/index.php?rest_route=\/wp\/v2\/media\/6471"}],"wp:attachment":[{"href":"https:\/\/montignyvelonature.fr\/index.php?rest_route=%2Fwp%2Fv2%2Fmedia&parent=6470"}],"wp:term":[{"taxonomy":"category","embeddable":true,"href":"https:\/\/montignyvelonature.fr\/index.php?rest_route=%2Fwp%2Fv2%2Fcategories&post=6470"},{"taxonomy":"post_tag","embeddable":true,"href":"https:\/\/montignyvelonature.fr\/index.php?rest_route=%2Fwp%2Fv2%2Ftags&post=6470"}],"curies":[{"name":"wp","href":"https:\/\/api.w.org\/{rel}","templated":true}]}}