{"id":6659,"date":"2025-05-05T09:08:10","date_gmt":"2025-05-05T07:08:10","guid":{"rendered":"https:\/\/montignyvelonature.fr\/?p=6659"},"modified":"2025-05-05T09:08:10","modified_gmt":"2025-05-05T07:08:10","slug":"finales-regionales-jeunes-2025","status":"publish","type":"post","link":"https:\/\/montignyvelonature.fr\/?p=6659","title":{"rendered":"Finales r\u00e9gionales jeunes 2025"},"content":{"rendered":"\n<p>Finales r\u00e9gionales dimanche 4 mai \u00e0 Verdun. 9 jeunes \u00e9taient qualifi\u00e9s en \u00e9ducation routi\u00e8re, 3 jeunes au crit\u00e9rium VTT et 3 jeunes au crit\u00e9rium route. Tr\u00e8s belle prestation des MVN qui ont tout donn\u00e9 malgr\u00e9 un niveau tr\u00e8s relev\u00e9. Sidonie d\u00e9croche une qualification en finale nationale du crit\u00e9rium VTT en minime et Eliott d\u00e9croche une place en finale nationale du crit\u00e9rium Route en minime \u00e9galement. Sidonie sur la seconde marche du podium dans sa cat\u00e9gorie et Eliott, troisi\u00e8me. Toutes nos f\u00e9licitations \u00e0 nos jeunes qui ont brillamment repr\u00e9sent\u00e9 MVN.<\/p>\n\n\n\n<figure class=\"wp-block-gallery has-nested-images columns-default is-cropped wp-block-gallery-1 is-layout-flex wp-block-gallery-is-layout-flex\">\n<figure class=\"wp-block-image size-large\"><img fetchpriority=\"high\" decoding=\"async\" width=\"900\" height=\"416\" data-id=\"6671\" src=\"https:\/\/montignyvelonature.fr\/wp-content\/uploads\/2025\/05\/20250504_141922.jpg\" alt=\"\" class=\"wp-image-6671\" srcset=\"https:\/\/montignyvelonature.fr\/wp-content\/uploads\/2025\/05\/20250504_141922.jpg 900w, https:\/\/montignyvelonature.fr\/wp-content\/uploads\/2025\/05\/20250504_141922-300x139.jpg 300w, https:\/\/montignyvelonature.fr\/wp-content\/uploads\/2025\/05\/20250504_141922-768x355.jpg 768w\" sizes=\"(max-width: 900px) 100vw, 900px\" \/><\/figure>\n\n\n\n<figure class=\"wp-block-image size-large\"><img decoding=\"async\" width=\"900\" height=\"416\" data-id=\"6669\" src=\"https:\/\/montignyvelonature.fr\/wp-content\/uploads\/2025\/05\/20250504_160325.jpg\" alt=\"\" class=\"wp-image-6669\" srcset=\"https:\/\/montignyvelonature.fr\/wp-content\/uploads\/2025\/05\/20250504_160325.jpg 900w, https:\/\/montignyvelonature.fr\/wp-content\/uploads\/2025\/05\/20250504_160325-300x139.jpg 300w, https:\/\/montignyvelonature.fr\/wp-content\/uploads\/2025\/05\/20250504_160325-768x355.jpg 768w\" sizes=\"(max-width: 900px) 100vw, 900px\" \/><\/figure>\n\n\n\n<figure class=\"wp-block-image size-large\"><img decoding=\"async\" width=\"900\" height=\"416\" data-id=\"6670\" src=\"https:\/\/montignyvelonature.fr\/wp-content\/uploads\/2025\/05\/20250504_160717.jpg\" alt=\"\" class=\"wp-image-6670\" srcset=\"https:\/\/montignyvelonature.fr\/wp-content\/uploads\/2025\/05\/20250504_160717.jpg 900w, https:\/\/montignyvelonature.fr\/wp-content\/uploads\/2025\/05\/20250504_160717-300x139.jpg 300w, https:\/\/montignyvelonature.fr\/wp-content\/uploads\/2025\/05\/20250504_160717-768x355.jpg 768w\" sizes=\"(max-width: 900px) 100vw, 900px\" \/><\/figure>\n<\/figure>\n","protected":false},"excerpt":{"rendered":"<p>Finales r\u00e9gionales dimanche 4 mai \u00e0 Verdun. 9 jeunes \u00e9taient qualifi\u00e9s en \u00e9ducation routi\u00e8re, 3 jeunes au crit\u00e9rium VTT et 3 jeunes au crit\u00e9rium route. Tr\u00e8s belle prestation des MVN qui ont tout donn\u00e9 malgr\u00e9 un niveau tr\u00e8s relev\u00e9. Sidonie d\u00e9croche une qualification en finale nationale du crit\u00e9rium VTT en minime et Eliott d\u00e9croche une [&hellip;]<\/p>\n","protected":false},"author":1,"featured_media":6668,"comment_status":"closed","ping_status":"closed","sticky":false,"template":"","format":"standard","meta":{"footnotes":""},"categories":[6],"tags":[],"class_list":["post-6659","post","type-post","status-publish","format-standard","has-post-thumbnail","hentry","category-ecole"],"_links":{"self":[{"href":"https:\/\/montignyvelonature.fr\/index.php?rest_route=\/wp\/v2\/posts\/6659"}],"collection":[{"href":"https:\/\/montignyvelonature.fr\/index.php?rest_route=\/wp\/v2\/posts"}],"about":[{"href":"https:\/\/montignyvelonature.fr\/index.php?rest_route=\/wp\/v2\/types\/post"}],"author":[{"embeddable":true,"href":"https:\/\/montignyvelonature.fr\/index.php?rest_route=\/wp\/v2\/users\/1"}],"replies":[{"embeddable":true,"href":"https:\/\/montignyvelonature.fr\/index.php?rest_route=%2Fwp%2Fv2%2Fcomments&post=6659"}],"version-history":[{"count":1,"href":"https:\/\/montignyvelonature.fr\/index.php?rest_route=\/wp\/v2\/posts\/6659\/revisions"}],"predecessor-version":[{"id":6672,"href":"https:\/\/montignyvelonature.fr\/index.php?rest_route=\/wp\/v2\/posts\/6659\/revisions\/6672"}],"wp:featuredmedia":[{"embeddable":true,"href":"https:\/\/montignyvelonature.fr\/index.php?rest_route=\/wp\/v2\/media\/6668"}],"wp:attachment":[{"href":"https:\/\/montignyvelonature.fr\/index.php?rest_route=%2Fwp%2Fv2%2Fmedia&parent=6659"}],"wp:term":[{"taxonomy":"category","embeddable":true,"href":"https:\/\/montignyvelonature.fr\/index.php?rest_route=%2Fwp%2Fv2%2Fcategories&post=6659"},{"taxonomy":"post_tag","embeddable":true,"href":"https:\/\/montignyvelonature.fr\/index.php?rest_route=%2Fwp%2Fv2%2Ftags&post=6659"}],"curies":[{"name":"wp","href":"https:\/\/api.w.org\/{rel}","templated":true}]}}