{"id":6686,"date":"2025-05-12T08:01:16","date_gmt":"2025-05-12T06:01:16","guid":{"rendered":"https:\/\/montignyvelonature.fr\/?p=6686"},"modified":"2025-05-12T08:01:41","modified_gmt":"2025-05-12T06:01:41","slug":"printemps-des-friches-2025","status":"publish","type":"post","link":"https:\/\/montignyvelonature.fr\/?p=6686","title":{"rendered":"Printemps des Friches 2025"},"content":{"rendered":"\n<p>MVN participait aux printemps des Friches ce dimanche 11 mai. Les Friches sont les quartier o\u00f9 se situe le club. Une journ\u00e9e d&rsquo;\u00e9changes avec les habitants du secteur, les \u00e9lus, les b\u00e9n\u00e9voles d&rsquo;autres associations. Des dizaines de jeunes se sont r\u00e9gal\u00e9s sur le parcours de maniabili\u00e9 mont\u00e9 pour l&rsquo;occasions. Il ne serait pas surprenant que plusieurs d&rsquo;entre eux viennent rouler avec le club dor\u00e9navant. Un grand merci \u00e0 la quinzaine de b\u00e9n\u00e9voles, jeunes et adultes, qui se sont relay\u00e9s tout au long de la journ\u00e9e pour animer le stand.<\/p>\n\n\n\n<figure class=\"wp-block-gallery has-nested-images columns-default is-cropped wp-block-gallery-1 is-layout-flex wp-block-gallery-is-layout-flex\">\n<figure class=\"wp-block-image size-large\"><img fetchpriority=\"high\" decoding=\"async\" width=\"900\" height=\"416\" data-id=\"6688\" src=\"https:\/\/montignyvelonature.fr\/wp-content\/uploads\/2025\/05\/20250511_162714.jpg\" alt=\"\" class=\"wp-image-6688\" srcset=\"https:\/\/montignyvelonature.fr\/wp-content\/uploads\/2025\/05\/20250511_162714.jpg 900w, https:\/\/montignyvelonature.fr\/wp-content\/uploads\/2025\/05\/20250511_162714-300x139.jpg 300w, https:\/\/montignyvelonature.fr\/wp-content\/uploads\/2025\/05\/20250511_162714-768x355.jpg 768w\" sizes=\"(max-width: 900px) 100vw, 900px\" \/><\/figure>\n\n\n\n<figure class=\"wp-block-image size-large\"><img decoding=\"async\" width=\"900\" height=\"416\" data-id=\"6689\" src=\"https:\/\/montignyvelonature.fr\/wp-content\/uploads\/2025\/05\/20250511_102844.jpg\" alt=\"\" class=\"wp-image-6689\" srcset=\"https:\/\/montignyvelonature.fr\/wp-content\/uploads\/2025\/05\/20250511_102844.jpg 900w, https:\/\/montignyvelonature.fr\/wp-content\/uploads\/2025\/05\/20250511_102844-300x139.jpg 300w, https:\/\/montignyvelonature.fr\/wp-content\/uploads\/2025\/05\/20250511_102844-768x355.jpg 768w\" sizes=\"(max-width: 900px) 100vw, 900px\" \/><\/figure>\n\n\n\n<figure class=\"wp-block-image size-large\"><img decoding=\"async\" width=\"900\" height=\"416\" data-id=\"6690\" src=\"https:\/\/montignyvelonature.fr\/wp-content\/uploads\/2025\/05\/20250511_162502.jpg\" alt=\"\" class=\"wp-image-6690\" srcset=\"https:\/\/montignyvelonature.fr\/wp-content\/uploads\/2025\/05\/20250511_162502.jpg 900w, https:\/\/montignyvelonature.fr\/wp-content\/uploads\/2025\/05\/20250511_162502-300x139.jpg 300w, https:\/\/montignyvelonature.fr\/wp-content\/uploads\/2025\/05\/20250511_162502-768x355.jpg 768w\" sizes=\"(max-width: 900px) 100vw, 900px\" \/><\/figure>\n<\/figure>\n","protected":false},"excerpt":{"rendered":"<p>MVN participait aux printemps des Friches ce dimanche 11 mai. Les Friches sont les quartier o\u00f9 se situe le club. Une journ\u00e9e d&rsquo;\u00e9changes avec les habitants du secteur, les \u00e9lus, les b\u00e9n\u00e9voles d&rsquo;autres associations. Des dizaines de jeunes se sont r\u00e9gal\u00e9s sur le parcours de maniabili\u00e9 mont\u00e9 pour l&rsquo;occasions. Il ne serait pas surprenant que [&hellip;]<\/p>\n","protected":false},"author":1,"featured_media":6687,"comment_status":"closed","ping_status":"closed","sticky":false,"template":"","format":"standard","meta":{"footnotes":""},"categories":[1],"tags":[],"class_list":["post-6686","post","type-post","status-publish","format-standard","has-post-thumbnail","hentry","category-non-classe"],"_links":{"self":[{"href":"https:\/\/montignyvelonature.fr\/index.php?rest_route=\/wp\/v2\/posts\/6686"}],"collection":[{"href":"https:\/\/montignyvelonature.fr\/index.php?rest_route=\/wp\/v2\/posts"}],"about":[{"href":"https:\/\/montignyvelonature.fr\/index.php?rest_route=\/wp\/v2\/types\/post"}],"author":[{"embeddable":true,"href":"https:\/\/montignyvelonature.fr\/index.php?rest_route=\/wp\/v2\/users\/1"}],"replies":[{"embeddable":true,"href":"https:\/\/montignyvelonature.fr\/index.php?rest_route=%2Fwp%2Fv2%2Fcomments&post=6686"}],"version-history":[{"count":2,"href":"https:\/\/montignyvelonature.fr\/index.php?rest_route=\/wp\/v2\/posts\/6686\/revisions"}],"predecessor-version":[{"id":6692,"href":"https:\/\/montignyvelonature.fr\/index.php?rest_route=\/wp\/v2\/posts\/6686\/revisions\/6692"}],"wp:featuredmedia":[{"embeddable":true,"href":"https:\/\/montignyvelonature.fr\/index.php?rest_route=\/wp\/v2\/media\/6687"}],"wp:attachment":[{"href":"https:\/\/montignyvelonature.fr\/index.php?rest_route=%2Fwp%2Fv2%2Fmedia&parent=6686"}],"wp:term":[{"taxonomy":"category","embeddable":true,"href":"https:\/\/montignyvelonature.fr\/index.php?rest_route=%2Fwp%2Fv2%2Fcategories&post=6686"},{"taxonomy":"post_tag","embeddable":true,"href":"https:\/\/montignyvelonature.fr\/index.php?rest_route=%2Fwp%2Fv2%2Ftags&post=6686"}],"curies":[{"name":"wp","href":"https:\/\/api.w.org\/{rel}","templated":true}]}}