{"id":6773,"date":"2025-06-02T11:33:27","date_gmt":"2025-06-02T09:33:27","guid":{"rendered":"https:\/\/montignyvelonature.fr\/?p=6773"},"modified":"2025-06-02T11:34:04","modified_gmt":"2025-06-02T09:34:04","slug":"finales-nationales-des-criteriums-jeunes","status":"publish","type":"post","link":"https:\/\/montignyvelonature.fr\/?p=6773","title":{"rendered":"Finales nationales des crit\u00e9riums Jeunes"},"content":{"rendered":"\n<p>Du jeudi 29 mai au dimanche 1er juin, Sidonie et Eliott ont repr\u00e9sent\u00e9 le Grand Est, la Moselle et MVN \u00e0 Nans-les-Pins, dans le Var, pr\u00e8s de Marseille, aux finales nationales des crit\u00e9riums. Sidonie d\u00e9croche une tr\u00e8s belle seconde place en cat\u00e9gorie VTT F\u00e9minines Cadettes et Eliott, une tout aussi belle seconde place en cat\u00e9gorie Route Homme Cadets. Ils faisaient partie de la d\u00e9l\u00e9gation Grand Est qui \u00e9tait la plus repr\u00e9sent\u00e9e de France avec 44 jeunes sur 200. D&rsquo;ailleurs, le Grand Est a \u00e9galement remport\u00e9 le challenge des r\u00e9gions. Une tr\u00e8s belle exp\u00e9rience, avec une ambiance de feu et de supers r\u00e9sultats. Bravo \u00e0 nos jeunes et tous les \u00e9ducateurs, ainsi que les parents pour leur investissement.<\/p>\n\n\n\n<figure class=\"wp-block-gallery has-nested-images columns-default is-cropped wp-block-gallery-1 is-layout-flex wp-block-gallery-is-layout-flex\">\n<figure class=\"wp-block-image size-large\"><img fetchpriority=\"high\" decoding=\"async\" width=\"900\" height=\"416\" data-id=\"6776\" src=\"https:\/\/montignyvelonature.fr\/wp-content\/uploads\/2025\/06\/20250531_185544.jpg\" alt=\"\" class=\"wp-image-6776\" srcset=\"https:\/\/montignyvelonature.fr\/wp-content\/uploads\/2025\/06\/20250531_185544.jpg 900w, https:\/\/montignyvelonature.fr\/wp-content\/uploads\/2025\/06\/20250531_185544-300x139.jpg 300w, https:\/\/montignyvelonature.fr\/wp-content\/uploads\/2025\/06\/20250531_185544-768x355.jpg 768w\" sizes=\"(max-width: 900px) 100vw, 900px\" \/><\/figure>\n\n\n\n<figure class=\"wp-block-image size-large\"><img decoding=\"async\" width=\"900\" height=\"416\" data-id=\"6777\" src=\"https:\/\/montignyvelonature.fr\/wp-content\/uploads\/2025\/06\/20250531_181302.jpg\" alt=\"\" class=\"wp-image-6777\" srcset=\"https:\/\/montignyvelonature.fr\/wp-content\/uploads\/2025\/06\/20250531_181302.jpg 900w, https:\/\/montignyvelonature.fr\/wp-content\/uploads\/2025\/06\/20250531_181302-300x139.jpg 300w, https:\/\/montignyvelonature.fr\/wp-content\/uploads\/2025\/06\/20250531_181302-768x355.jpg 768w\" sizes=\"(max-width: 900px) 100vw, 900px\" \/><\/figure>\n\n\n\n<figure class=\"wp-block-image size-large\"><img decoding=\"async\" width=\"900\" height=\"416\" data-id=\"6775\" src=\"https:\/\/montignyvelonature.fr\/wp-content\/uploads\/2025\/06\/20250531_181542.jpg\" alt=\"\" class=\"wp-image-6775\" srcset=\"https:\/\/montignyvelonature.fr\/wp-content\/uploads\/2025\/06\/20250531_181542.jpg 900w, https:\/\/montignyvelonature.fr\/wp-content\/uploads\/2025\/06\/20250531_181542-300x139.jpg 300w, https:\/\/montignyvelonature.fr\/wp-content\/uploads\/2025\/06\/20250531_181542-768x355.jpg 768w\" sizes=\"(max-width: 900px) 100vw, 900px\" \/><\/figure>\n<\/figure>\n\n\n\n<p><\/p>\n","protected":false},"excerpt":{"rendered":"<p>Du jeudi 29 mai au dimanche 1er juin, Sidonie et Eliott ont repr\u00e9sent\u00e9 le Grand Est, la Moselle et MVN \u00e0 Nans-les-Pins, dans le Var, pr\u00e8s de Marseille, aux finales nationales des crit\u00e9riums. Sidonie d\u00e9croche une tr\u00e8s belle seconde place en cat\u00e9gorie VTT F\u00e9minines Cadettes et Eliott, une tout aussi belle seconde place en cat\u00e9gorie [&hellip;]<\/p>\n","protected":false},"author":1,"featured_media":6774,"comment_status":"closed","ping_status":"closed","sticky":false,"template":"","format":"standard","meta":{"footnotes":""},"categories":[6],"tags":[],"class_list":["post-6773","post","type-post","status-publish","format-standard","has-post-thumbnail","hentry","category-ecole"],"_links":{"self":[{"href":"https:\/\/montignyvelonature.fr\/index.php?rest_route=\/wp\/v2\/posts\/6773"}],"collection":[{"href":"https:\/\/montignyvelonature.fr\/index.php?rest_route=\/wp\/v2\/posts"}],"about":[{"href":"https:\/\/montignyvelonature.fr\/index.php?rest_route=\/wp\/v2\/types\/post"}],"author":[{"embeddable":true,"href":"https:\/\/montignyvelonature.fr\/index.php?rest_route=\/wp\/v2\/users\/1"}],"replies":[{"embeddable":true,"href":"https:\/\/montignyvelonature.fr\/index.php?rest_route=%2Fwp%2Fv2%2Fcomments&post=6773"}],"version-history":[{"count":2,"href":"https:\/\/montignyvelonature.fr\/index.php?rest_route=\/wp\/v2\/posts\/6773\/revisions"}],"predecessor-version":[{"id":6779,"href":"https:\/\/montignyvelonature.fr\/index.php?rest_route=\/wp\/v2\/posts\/6773\/revisions\/6779"}],"wp:featuredmedia":[{"embeddable":true,"href":"https:\/\/montignyvelonature.fr\/index.php?rest_route=\/wp\/v2\/media\/6774"}],"wp:attachment":[{"href":"https:\/\/montignyvelonature.fr\/index.php?rest_route=%2Fwp%2Fv2%2Fmedia&parent=6773"}],"wp:term":[{"taxonomy":"category","embeddable":true,"href":"https:\/\/montignyvelonature.fr\/index.php?rest_route=%2Fwp%2Fv2%2Fcategories&post=6773"},{"taxonomy":"post_tag","embeddable":true,"href":"https:\/\/montignyvelonature.fr\/index.php?rest_route=%2Fwp%2Fv2%2Ftags&post=6773"}],"curies":[{"name":"wp","href":"https:\/\/api.w.org\/{rel}","templated":true}]}}