{"id":6781,"date":"2025-06-18T13:32:12","date_gmt":"2025-06-18T11:32:12","guid":{"rendered":"https:\/\/montignyvelonature.fr\/?p=6781"},"modified":"2025-06-18T13:34:59","modified_gmt":"2025-06-18T11:34:59","slug":"17eme-edition-de-la-montignienne-a-velo","status":"publish","type":"post","link":"https:\/\/montignyvelonature.fr\/?p=6781","title":{"rendered":"17\u00e8me \u00e9dition de la Montignienne \u00e0 v\u00e9lo"},"content":{"rendered":"\n<p>Motiv\u00e9s, jusqu\u2019au \u00ab boue \u00bb\u2026<br>Pluie et orage durant la nuit de samedi \u00e0 dimanche, pluie \u00e0 7 h, annonce de pluie pour 10 h. Les organisateurs de la Montignienne \u00e9taient d\u00e9pit\u00e9s ce dimanche matin 15 juin. Des mois de boulot, des heures de nettoyage de chemins, de fl\u00e9chage, d\u2019appro, de pr\u00e9paration des points d\u2019accueil et\u2026 Avec une telle m\u00e9t\u00e9o, qui va oser mettre son nez dehors\u2026 A 7 h 05, le premier participant arrive, pr\u00e9inscrit, il \u00e9tait bien d\u00e9cid\u00e9 \u00e0 profiter de cette rando \u00e0 laquelle il participe depuis des ann\u00e9es et qu\u2019il ne manquerait pour rien au monde. 7 h 10, deux autres pr\u00e9inscrits. 7 h 25, premier participant venant s\u2019inscrire ce matin m\u00eame. Que lui a-t-il pris ? Il n\u2019a pas vu les annonces m\u00e9t\u00e9o ? 7 h 45, des dizaines de participants arrivent. 8 h 30, d\u00e9j\u00e0 100 inscrits. 9 h : 200 inscrits. 9 h 30 : 240 inscrits. Les organisateurs sont sid\u00e9r\u00e9s : les participants sont au rendez-vous, ils ont fait fi des annonces m\u00e9t\u00e9o. 10 h, arriv\u00e9e d\u2019un gros nuage : ce sont des trombes d\u2019eau qui s\u2019abattent sur les 240 courageux et 60 b\u00e9n\u00e9voles. Quelques coups de tonnerre vers 11 h, des arbres qui fl\u00e9chissent sous le poids de l\u2019eau, quelques branches qui c\u00e8dent\u2026 Et les 240 qui continuent leur rando, comme si de rien \u00e9tait. La pluie finit par s\u2019arr\u00eater \u00e0 midi et au retour les participants sont heureux, tremp\u00e9s, couverts de gadoue, mais heureux : \u00ab les parcours sont supers, les b\u00e9n\u00e9voles vraiment sympas, les ravitos hyper copieux, et m\u00eame la pluie \u00e9tait\u2026 chaude ! Quelle ambiance !\u00bb<br>La zone de lavage a tourn\u00e9 \u00e0 plein r\u00e9gime pendant des heures. Le dernier participant est rentr\u00e9 vers 14 h 30, \u00e9puis\u00e9, mais fier d\u2019avoir tenu jusqu\u2019au bout. Tous les b\u00e9n\u00e9voles sont vraiment reconnaissant envers les participants d\u2019\u00eatre venus. Cette rando aurait pu \u00eatre un fiasco, mais gr\u00e2ce \u00e0 tous, les b\u00e9n\u00e9voles ont retrouv\u00e9 le sourire. Finalement, cette 17\u00e8me \u00e9dition restera dans les m\u00e9moires de tous. Et maintenant, les organisateurs sont bien d\u00e9cid\u00e9s \u00e0 remettre le couvert l\u2019ann\u00e9e prochaine, parce qu\u2019avec des participants aussi motiv\u00e9s, m\u00eame avec un genou \u00e0 terre, n\u2019importe quel b\u00e9n\u00e9vole peut se remettre debout !<\/p>\n\n\n\n<figure class=\"wp-block-gallery has-nested-images columns-default is-cropped wp-block-gallery-1 is-layout-flex wp-block-gallery-is-layout-flex\">\n<figure class=\"wp-block-image size-large\"><img fetchpriority=\"high\" decoding=\"async\" width=\"1024\" height=\"473\" data-id=\"6784\" src=\"https:\/\/montignyvelonature.fr\/wp-content\/uploads\/2025\/06\/20250615_115103-1024x473.jpg\" alt=\"\" class=\"wp-image-6784\" srcset=\"https:\/\/montignyvelonature.fr\/wp-content\/uploads\/2025\/06\/20250615_115103-1024x473.jpg 1024w, https:\/\/montignyvelonature.fr\/wp-content\/uploads\/2025\/06\/20250615_115103-300x139.jpg 300w, https:\/\/montignyvelonature.fr\/wp-content\/uploads\/2025\/06\/20250615_115103-768x355.jpg 768w, https:\/\/montignyvelonature.fr\/wp-content\/uploads\/2025\/06\/20250615_115103.jpg 1200w\" sizes=\"(max-width: 1024px) 100vw, 1024px\" \/><\/figure>\n\n\n\n<figure class=\"wp-block-image size-large\"><img decoding=\"async\" width=\"1024\" height=\"473\" data-id=\"6789\" src=\"https:\/\/montignyvelonature.fr\/wp-content\/uploads\/2025\/06\/20250615_120926-1024x473.jpg\" alt=\"\" class=\"wp-image-6789\" srcset=\"https:\/\/montignyvelonature.fr\/wp-content\/uploads\/2025\/06\/20250615_120926-1024x473.jpg 1024w, https:\/\/montignyvelonature.fr\/wp-content\/uploads\/2025\/06\/20250615_120926-300x139.jpg 300w, https:\/\/montignyvelonature.fr\/wp-content\/uploads\/2025\/06\/20250615_120926-768x355.jpg 768w, https:\/\/montignyvelonature.fr\/wp-content\/uploads\/2025\/06\/20250615_120926.jpg 1200w\" sizes=\"(max-width: 1024px) 100vw, 1024px\" \/><\/figure>\n\n\n\n<figure class=\"wp-block-image size-large\"><img decoding=\"async\" width=\"1024\" height=\"461\" data-id=\"6787\" src=\"https:\/\/montignyvelonature.fr\/wp-content\/uploads\/2025\/06\/1750005432732-1024x461.jpg\" alt=\"\" class=\"wp-image-6787\" srcset=\"https:\/\/montignyvelonature.fr\/wp-content\/uploads\/2025\/06\/1750005432732-1024x461.jpg 1024w, https:\/\/montignyvelonature.fr\/wp-content\/uploads\/2025\/06\/1750005432732-300x135.jpg 300w, https:\/\/montignyvelonature.fr\/wp-content\/uploads\/2025\/06\/1750005432732-768x346.jpg 768w, https:\/\/montignyvelonature.fr\/wp-content\/uploads\/2025\/06\/1750005432732.jpg 1200w\" sizes=\"(max-width: 1024px) 100vw, 1024px\" \/><\/figure>\n\n\n\n<figure class=\"wp-block-image size-large\"><img loading=\"lazy\" decoding=\"async\" width=\"1024\" height=\"461\" data-id=\"6785\" src=\"https:\/\/montignyvelonature.fr\/wp-content\/uploads\/2025\/06\/1750005432895-1024x461.jpg\" alt=\"\" class=\"wp-image-6785\" srcset=\"https:\/\/montignyvelonature.fr\/wp-content\/uploads\/2025\/06\/1750005432895-1024x461.jpg 1024w, https:\/\/montignyvelonature.fr\/wp-content\/uploads\/2025\/06\/1750005432895-300x135.jpg 300w, https:\/\/montignyvelonature.fr\/wp-content\/uploads\/2025\/06\/1750005432895-768x346.jpg 768w, https:\/\/montignyvelonature.fr\/wp-content\/uploads\/2025\/06\/1750005432895.jpg 1200w\" sizes=\"(max-width: 1024px) 100vw, 1024px\" \/><\/figure>\n\n\n\n<figure class=\"wp-block-image size-large\"><img loading=\"lazy\" decoding=\"async\" width=\"1024\" height=\"461\" data-id=\"6788\" src=\"https:\/\/montignyvelonature.fr\/wp-content\/uploads\/2025\/06\/1750005433304-1024x461.jpg\" alt=\"\" class=\"wp-image-6788\" srcset=\"https:\/\/montignyvelonature.fr\/wp-content\/uploads\/2025\/06\/1750005433304-1024x461.jpg 1024w, https:\/\/montignyvelonature.fr\/wp-content\/uploads\/2025\/06\/1750005433304-300x135.jpg 300w, https:\/\/montignyvelonature.fr\/wp-content\/uploads\/2025\/06\/1750005433304-768x346.jpg 768w, https:\/\/montignyvelonature.fr\/wp-content\/uploads\/2025\/06\/1750005433304.jpg 1200w\" sizes=\"(max-width: 1024px) 100vw, 1024px\" \/><\/figure>\n\n\n\n<figure class=\"wp-block-image size-large\"><img loading=\"lazy\" decoding=\"async\" width=\"1024\" height=\"684\" data-id=\"6790\" src=\"https:\/\/montignyvelonature.fr\/wp-content\/uploads\/2025\/06\/GHS_0469-RAVITO-1-1024x684.jpg\" alt=\"\" class=\"wp-image-6790\" srcset=\"https:\/\/montignyvelonature.fr\/wp-content\/uploads\/2025\/06\/GHS_0469-RAVITO-1-1024x684.jpg 1024w, https:\/\/montignyvelonature.fr\/wp-content\/uploads\/2025\/06\/GHS_0469-RAVITO-1-300x200.jpg 300w, https:\/\/montignyvelonature.fr\/wp-content\/uploads\/2025\/06\/GHS_0469-RAVITO-1-768x513.jpg 768w, https:\/\/montignyvelonature.fr\/wp-content\/uploads\/2025\/06\/GHS_0469-RAVITO-1.jpg 1200w\" sizes=\"(max-width: 1024px) 100vw, 1024px\" \/><\/figure>\n<\/figure>\n","protected":false},"excerpt":{"rendered":"<p>Motiv\u00e9s, jusqu\u2019au \u00ab boue \u00bb\u2026Pluie et orage durant la nuit de samedi \u00e0 dimanche, pluie \u00e0 7 h, annonce de pluie pour 10 h. Les organisateurs de la Montignienne \u00e9taient d\u00e9pit\u00e9s ce dimanche matin 15 juin. Des mois de boulot, des heures de nettoyage de chemins, de fl\u00e9chage, d\u2019appro, de pr\u00e9paration des points d\u2019accueil et\u2026 [&hellip;]<\/p>\n","protected":false},"author":1,"featured_media":6782,"comment_status":"closed","ping_status":"closed","sticky":false,"template":"","format":"standard","meta":{"footnotes":""},"categories":[9],"tags":[],"class_list":["post-6781","post","type-post","status-publish","format-standard","has-post-thumbnail","hentry","category-evenements"],"_links":{"self":[{"href":"https:\/\/montignyvelonature.fr\/index.php?rest_route=\/wp\/v2\/posts\/6781"}],"collection":[{"href":"https:\/\/montignyvelonature.fr\/index.php?rest_route=\/wp\/v2\/posts"}],"about":[{"href":"https:\/\/montignyvelonature.fr\/index.php?rest_route=\/wp\/v2\/types\/post"}],"author":[{"embeddable":true,"href":"https:\/\/montignyvelonature.fr\/index.php?rest_route=\/wp\/v2\/users\/1"}],"replies":[{"embeddable":true,"href":"https:\/\/montignyvelonature.fr\/index.php?rest_route=%2Fwp%2Fv2%2Fcomments&post=6781"}],"version-history":[{"count":2,"href":"https:\/\/montignyvelonature.fr\/index.php?rest_route=\/wp\/v2\/posts\/6781\/revisions"}],"predecessor-version":[{"id":6795,"href":"https:\/\/montignyvelonature.fr\/index.php?rest_route=\/wp\/v2\/posts\/6781\/revisions\/6795"}],"wp:featuredmedia":[{"embeddable":true,"href":"https:\/\/montignyvelonature.fr\/index.php?rest_route=\/wp\/v2\/media\/6782"}],"wp:attachment":[{"href":"https:\/\/montignyvelonature.fr\/index.php?rest_route=%2Fwp%2Fv2%2Fmedia&parent=6781"}],"wp:term":[{"taxonomy":"category","embeddable":true,"href":"https:\/\/montignyvelonature.fr\/index.php?rest_route=%2Fwp%2Fv2%2Fcategories&post=6781"},{"taxonomy":"post_tag","embeddable":true,"href":"https:\/\/montignyvelonature.fr\/index.php?rest_route=%2Fwp%2Fv2%2Ftags&post=6781"}],"curies":[{"name":"wp","href":"https:\/\/api.w.org\/{rel}","templated":true}]}}