{"id":6802,"date":"2025-07-02T06:32:59","date_gmt":"2025-07-02T04:32:59","guid":{"rendered":"https:\/\/montignyvelonature.fr\/?p=6802"},"modified":"2025-07-02T06:33:00","modified_gmt":"2025-07-02T04:33:00","slug":"fete-de-fin-dannee","status":"publish","type":"post","link":"https:\/\/montignyvelonature.fr\/?p=6802","title":{"rendered":"F\u00eate de fin d&rsquo;ann\u00e9e"},"content":{"rendered":"\n<p>Nouveaut\u00e9 pour MVN. Samedi 28 juin, MVN a tenu sa f\u00eate de fin d\u2019ann\u00e9e en soir\u00e9e en faisant venir pour l\u2019occasion, un camion \u00e0 pizzas. Plus de 100 personnes \u00e9taient pr\u00e9sentes.<\/p>\n\n\n\n<p>Cette chaude soir\u00e9e d\u2019\u00e9t\u00e9 a \u00e9t\u00e9 l\u2019occasion de se retrouver nombreux avant la tr\u00eave estivale, mais aussi de r\u00e9unir tous les b\u00e9n\u00e9voles des Montigniennes \u00e0 v\u00e9lo de l\u2019ann\u00e9e (26\/04 et 15\/06), ainsi que les partenaires publics, priv\u00e9s et associatifs, tels, les f\u00eal\u00e9s de la photo ou encore les Sillegny and the <a><\/a>Lucky Seventh. Le Maire, JL Bohl et F Sartor, conseiller municipal, nous ont fait l\u2019honneur de leur pr\u00e9sence. L\u2019occasion de rappeler que le club a \u00e9t\u00e9 cr\u00e9\u00e9 en 2003, qu\u2019il est le plus important du grand Est avec pr\u00e8s de 200 licenci\u00e9s et qu\u2019il dispose de la plus importante \u00e9cole de v\u00e9lo avec plus de 100 jeunes.<\/p>\n\n\n\n<p>La soir\u00e9e s\u2019est pass\u00e9e dans une ambiance tr\u00e8s chaleureuse, avec musique, p\u00e9tanque, discussions endiabl\u00e9es, fous rires et beaucoup de flamm\u2019s et pizzas : 63 ont \u00e9t\u00e9 d\u00e9vor\u00e9es en moins de 3 heures. Bravo \u00e0 Claude le pizza\u00efolo qui a assur\u00e9 dans son camion \u00e0 40 degr\u00e9s !<\/p>\n\n\n\n<p>Retour unanime de tous : c\u2019\u00e9tait g\u00e9nial, \u00e0 refaire. Les mots d\u2019un b\u00e9n\u00e9vole : \u00ab\u00a0excellent moment\u2026 un super concept. \u00bb Les mots d\u2019une maman : \u00ab Amy s&rsquo;est trouv\u00e9e une passion pour le service. Perso, j&rsquo;ai beaucoup appr\u00e9ci\u00e9 le concept du food truck et la bonne humeur de mes voisins. \u00bb Une autre maman : \u00ab Super pour nous aussi je suis toujours \u00e9pat\u00e9e de voir l&rsquo;\u00e9nergie et la bonne humeur qu&rsquo;il y a au club, on s&rsquo;est r\u00e9gal\u00e9 un grand merci. \u00bb Dor\u00e9navant, repos et aventures \u00e0 v\u00e9lo attendent les licenci\u00e9s de MVN pour les prochaines semaines. Bonnes vacances \u00e0 tous.<\/p>\n\n\n\n<figure class=\"wp-block-gallery has-nested-images columns-default is-cropped wp-block-gallery-1 is-layout-flex wp-block-gallery-is-layout-flex\">\n<figure class=\"wp-block-image size-large\"><img fetchpriority=\"high\" decoding=\"async\" width=\"900\" height=\"600\" data-id=\"6807\" src=\"https:\/\/montignyvelonature.fr\/wp-content\/uploads\/2025\/07\/MVN-juin-2026-71.jpg\" alt=\"\" class=\"wp-image-6807\" srcset=\"https:\/\/montignyvelonature.fr\/wp-content\/uploads\/2025\/07\/MVN-juin-2026-71.jpg 900w, https:\/\/montignyvelonature.fr\/wp-content\/uploads\/2025\/07\/MVN-juin-2026-71-300x200.jpg 300w, https:\/\/montignyvelonature.fr\/wp-content\/uploads\/2025\/07\/MVN-juin-2026-71-768x512.jpg 768w\" sizes=\"(max-width: 900px) 100vw, 900px\" \/><figcaption class=\"wp-element-caption\">JUAN<\/figcaption><\/figure>\n\n\n\n<figure class=\"wp-block-image size-large\"><img decoding=\"async\" width=\"900\" height=\"416\" data-id=\"6805\" src=\"https:\/\/montignyvelonature.fr\/wp-content\/uploads\/2025\/07\/20250628_195506.jpg\" alt=\"\" class=\"wp-image-6805\" srcset=\"https:\/\/montignyvelonature.fr\/wp-content\/uploads\/2025\/07\/20250628_195506.jpg 900w, https:\/\/montignyvelonature.fr\/wp-content\/uploads\/2025\/07\/20250628_195506-300x139.jpg 300w, https:\/\/montignyvelonature.fr\/wp-content\/uploads\/2025\/07\/20250628_195506-768x355.jpg 768w\" sizes=\"(max-width: 900px) 100vw, 900px\" \/><\/figure>\n\n\n\n<figure class=\"wp-block-image size-large\"><img decoding=\"async\" width=\"900\" height=\"600\" data-id=\"6806\" src=\"https:\/\/montignyvelonature.fr\/wp-content\/uploads\/2025\/07\/MVN-juin-2026-02.jpg\" alt=\"\" class=\"wp-image-6806\" srcset=\"https:\/\/montignyvelonature.fr\/wp-content\/uploads\/2025\/07\/MVN-juin-2026-02.jpg 900w, https:\/\/montignyvelonature.fr\/wp-content\/uploads\/2025\/07\/MVN-juin-2026-02-300x200.jpg 300w, https:\/\/montignyvelonature.fr\/wp-content\/uploads\/2025\/07\/MVN-juin-2026-02-768x512.jpg 768w\" sizes=\"(max-width: 900px) 100vw, 900px\" \/><figcaption class=\"wp-element-caption\">JUAN<\/figcaption><\/figure>\n\n\n\n<figure class=\"wp-block-image size-large\"><img loading=\"lazy\" decoding=\"async\" width=\"900\" height=\"600\" data-id=\"6804\" src=\"https:\/\/montignyvelonature.fr\/wp-content\/uploads\/2025\/07\/MVN-juin-2026-33.jpg\" alt=\"\" class=\"wp-image-6804\" srcset=\"https:\/\/montignyvelonature.fr\/wp-content\/uploads\/2025\/07\/MVN-juin-2026-33.jpg 900w, https:\/\/montignyvelonature.fr\/wp-content\/uploads\/2025\/07\/MVN-juin-2026-33-300x200.jpg 300w, https:\/\/montignyvelonature.fr\/wp-content\/uploads\/2025\/07\/MVN-juin-2026-33-768x512.jpg 768w\" sizes=\"(max-width: 900px) 100vw, 900px\" \/><figcaption class=\"wp-element-caption\">JUAN<\/figcaption><\/figure>\n\n\n\n<figure class=\"wp-block-image size-large\"><img loading=\"lazy\" decoding=\"async\" width=\"900\" height=\"600\" data-id=\"6808\" src=\"https:\/\/montignyvelonature.fr\/wp-content\/uploads\/2025\/07\/MVN-juin-2026-44.jpg\" alt=\"\" class=\"wp-image-6808\" srcset=\"https:\/\/montignyvelonature.fr\/wp-content\/uploads\/2025\/07\/MVN-juin-2026-44.jpg 900w, https:\/\/montignyvelonature.fr\/wp-content\/uploads\/2025\/07\/MVN-juin-2026-44-300x200.jpg 300w, https:\/\/montignyvelonature.fr\/wp-content\/uploads\/2025\/07\/MVN-juin-2026-44-768x512.jpg 768w\" sizes=\"(max-width: 900px) 100vw, 900px\" \/><figcaption class=\"wp-element-caption\">JUAN<\/figcaption><\/figure>\n\n\n\n<figure class=\"wp-block-image size-large\"><img loading=\"lazy\" decoding=\"async\" width=\"900\" height=\"600\" data-id=\"6809\" src=\"https:\/\/montignyvelonature.fr\/wp-content\/uploads\/2025\/07\/MVN-juin-2026-57.jpg\" alt=\"\" class=\"wp-image-6809\" srcset=\"https:\/\/montignyvelonature.fr\/wp-content\/uploads\/2025\/07\/MVN-juin-2026-57.jpg 900w, https:\/\/montignyvelonature.fr\/wp-content\/uploads\/2025\/07\/MVN-juin-2026-57-300x200.jpg 300w, https:\/\/montignyvelonature.fr\/wp-content\/uploads\/2025\/07\/MVN-juin-2026-57-768x512.jpg 768w\" sizes=\"(max-width: 900px) 100vw, 900px\" \/><figcaption class=\"wp-element-caption\">JUAN<\/figcaption><\/figure>\n<\/figure>\n","protected":false},"excerpt":{"rendered":"<p>Nouveaut\u00e9 pour MVN. Samedi 28 juin, MVN a tenu sa f\u00eate de fin d\u2019ann\u00e9e en soir\u00e9e en faisant venir pour l\u2019occasion, un camion \u00e0 pizzas. Plus de 100 personnes \u00e9taient pr\u00e9sentes. Cette chaude soir\u00e9e d\u2019\u00e9t\u00e9 a \u00e9t\u00e9 l\u2019occasion de se retrouver nombreux avant la tr\u00eave estivale, mais aussi de r\u00e9unir tous les b\u00e9n\u00e9voles des Montigniennes [&hellip;]<\/p>\n","protected":false},"author":1,"featured_media":6803,"comment_status":"closed","ping_status":"closed","sticky":false,"template":"","format":"standard","meta":{"footnotes":""},"categories":[9],"tags":[],"class_list":["post-6802","post","type-post","status-publish","format-standard","has-post-thumbnail","hentry","category-evenements"],"_links":{"self":[{"href":"https:\/\/montignyvelonature.fr\/index.php?rest_route=\/wp\/v2\/posts\/6802"}],"collection":[{"href":"https:\/\/montignyvelonature.fr\/index.php?rest_route=\/wp\/v2\/posts"}],"about":[{"href":"https:\/\/montignyvelonature.fr\/index.php?rest_route=\/wp\/v2\/types\/post"}],"author":[{"embeddable":true,"href":"https:\/\/montignyvelonature.fr\/index.php?rest_route=\/wp\/v2\/users\/1"}],"replies":[{"embeddable":true,"href":"https:\/\/montignyvelonature.fr\/index.php?rest_route=%2Fwp%2Fv2%2Fcomments&post=6802"}],"version-history":[{"count":1,"href":"https:\/\/montignyvelonature.fr\/index.php?rest_route=\/wp\/v2\/posts\/6802\/revisions"}],"predecessor-version":[{"id":6810,"href":"https:\/\/montignyvelonature.fr\/index.php?rest_route=\/wp\/v2\/posts\/6802\/revisions\/6810"}],"wp:featuredmedia":[{"embeddable":true,"href":"https:\/\/montignyvelonature.fr\/index.php?rest_route=\/wp\/v2\/media\/6803"}],"wp:attachment":[{"href":"https:\/\/montignyvelonature.fr\/index.php?rest_route=%2Fwp%2Fv2%2Fmedia&parent=6802"}],"wp:term":[{"taxonomy":"category","embeddable":true,"href":"https:\/\/montignyvelonature.fr\/index.php?rest_route=%2Fwp%2Fv2%2Fcategories&post=6802"},{"taxonomy":"post_tag","embeddable":true,"href":"https:\/\/montignyvelonature.fr\/index.php?rest_route=%2Fwp%2Fv2%2Ftags&post=6802"}],"curies":[{"name":"wp","href":"https:\/\/api.w.org\/{rel}","templated":true}]}}