{"id":6824,"date":"2025-07-22T12:18:55","date_gmt":"2025-07-22T10:18:55","guid":{"rendered":"https:\/\/montignyvelonature.fr\/?p=6824"},"modified":"2025-07-22T12:19:20","modified_gmt":"2025-07-22T10:19:20","slug":"les-aventuriers-de-juillet","status":"publish","type":"post","link":"https:\/\/montignyvelonature.fr\/?p=6824","title":{"rendered":"Les aventuriers de juillet"},"content":{"rendered":"\n<p>L\u2019\u00e9t\u00e9 est propice aux exp\u00e9ditions extraordinaires. Plusieurs membres de MVN se sont essay\u00e9 en ce mois de juillet, au cyclo camping : autonomie int\u00e9grale avec tous les bagages sur le v\u00e9lo.<br>Evelyne, avec 2 acolytes, effectue une randonn\u00e9e de 2 semaines dans l\u2019ouest de la France. Maxime et Mathieu, 2 jeunes de 18 ans du club, ont fait 2 grosses \u00e9tapes entre Metz et le Sud de l\u2019Alsace, via les ballons vosgiens. De son c\u00f4t\u00e9, Christophe et sa conjointe ont d\u00e9couvert la voie bleue jusqu\u2019\u00e0 Sierck-les-Bains lors d&rsquo;un week-end. Pour tous, d\u2019incroyables d\u00e9couvertes, la libert\u00e9, et m\u00eame la pluie\u2026 Bravo \u00e0 tous. Feront-ils des \u00e9mules ? MVN est \u00e9quip\u00e9 de mat\u00e9riels de cyclocamping et peut les mettre \u00e0 disposition de ses membres.<\/p>\n\n\n\n<figure class=\"wp-block-gallery has-nested-images columns-default is-cropped wp-block-gallery-1 is-layout-flex wp-block-gallery-is-layout-flex\">\n<figure class=\"wp-block-image size-large\"><img fetchpriority=\"high\" decoding=\"async\" width=\"768\" height=\"1024\" data-id=\"6828\" src=\"https:\/\/montignyvelonature.fr\/wp-content\/uploads\/2025\/07\/MaximeMathieu2-768x1024.jpeg\" alt=\"\" class=\"wp-image-6828\" srcset=\"https:\/\/montignyvelonature.fr\/wp-content\/uploads\/2025\/07\/MaximeMathieu2-768x1024.jpeg 768w, https:\/\/montignyvelonature.fr\/wp-content\/uploads\/2025\/07\/MaximeMathieu2-225x300.jpeg 225w, https:\/\/montignyvelonature.fr\/wp-content\/uploads\/2025\/07\/MaximeMathieu2.jpeg 900w\" sizes=\"(max-width: 768px) 100vw, 768px\" \/><\/figure>\n\n\n\n<figure class=\"wp-block-image size-large\"><img decoding=\"async\" width=\"900\" height=\"678\" data-id=\"6827\" src=\"https:\/\/montignyvelonature.fr\/wp-content\/uploads\/2025\/07\/Christophe-1.jpeg\" alt=\"\" class=\"wp-image-6827\" srcset=\"https:\/\/montignyvelonature.fr\/wp-content\/uploads\/2025\/07\/Christophe-1.jpeg 900w, https:\/\/montignyvelonature.fr\/wp-content\/uploads\/2025\/07\/Christophe-1-300x226.jpeg 300w, https:\/\/montignyvelonature.fr\/wp-content\/uploads\/2025\/07\/Christophe-1-768x579.jpeg 768w\" sizes=\"(max-width: 900px) 100vw, 900px\" \/><\/figure>\n\n\n\n<figure class=\"wp-block-image size-large\"><img decoding=\"async\" width=\"900\" height=\"506\" data-id=\"6826\" src=\"https:\/\/montignyvelonature.fr\/wp-content\/uploads\/2025\/07\/Evelyne.jpg\" alt=\"\" class=\"wp-image-6826\" srcset=\"https:\/\/montignyvelonature.fr\/wp-content\/uploads\/2025\/07\/Evelyne.jpg 900w, https:\/\/montignyvelonature.fr\/wp-content\/uploads\/2025\/07\/Evelyne-300x169.jpg 300w, https:\/\/montignyvelonature.fr\/wp-content\/uploads\/2025\/07\/Evelyne-768x432.jpg 768w\" sizes=\"(max-width: 900px) 100vw, 900px\" \/><\/figure>\n<\/figure>\n","protected":false},"excerpt":{"rendered":"<p>L\u2019\u00e9t\u00e9 est propice aux exp\u00e9ditions extraordinaires. Plusieurs membres de MVN se sont essay\u00e9 en ce mois de juillet, au cyclo camping : autonomie int\u00e9grale avec tous les bagages sur le v\u00e9lo.Evelyne, avec 2 acolytes, effectue une randonn\u00e9e de 2 semaines dans l\u2019ouest de la France. Maxime et Mathieu, 2 jeunes de 18 ans du club, [&hellip;]<\/p>\n","protected":false},"author":1,"featured_media":6825,"comment_status":"closed","ping_status":"closed","sticky":false,"template":"","format":"standard","meta":{"footnotes":""},"categories":[1],"tags":[],"class_list":["post-6824","post","type-post","status-publish","format-standard","has-post-thumbnail","hentry","category-non-classe"],"_links":{"self":[{"href":"https:\/\/montignyvelonature.fr\/index.php?rest_route=\/wp\/v2\/posts\/6824"}],"collection":[{"href":"https:\/\/montignyvelonature.fr\/index.php?rest_route=\/wp\/v2\/posts"}],"about":[{"href":"https:\/\/montignyvelonature.fr\/index.php?rest_route=\/wp\/v2\/types\/post"}],"author":[{"embeddable":true,"href":"https:\/\/montignyvelonature.fr\/index.php?rest_route=\/wp\/v2\/users\/1"}],"replies":[{"embeddable":true,"href":"https:\/\/montignyvelonature.fr\/index.php?rest_route=%2Fwp%2Fv2%2Fcomments&post=6824"}],"version-history":[{"count":2,"href":"https:\/\/montignyvelonature.fr\/index.php?rest_route=\/wp\/v2\/posts\/6824\/revisions"}],"predecessor-version":[{"id":6831,"href":"https:\/\/montignyvelonature.fr\/index.php?rest_route=\/wp\/v2\/posts\/6824\/revisions\/6831"}],"wp:featuredmedia":[{"embeddable":true,"href":"https:\/\/montignyvelonature.fr\/index.php?rest_route=\/wp\/v2\/media\/6825"}],"wp:attachment":[{"href":"https:\/\/montignyvelonature.fr\/index.php?rest_route=%2Fwp%2Fv2%2Fmedia&parent=6824"}],"wp:term":[{"taxonomy":"category","embeddable":true,"href":"https:\/\/montignyvelonature.fr\/index.php?rest_route=%2Fwp%2Fv2%2Fcategories&post=6824"},{"taxonomy":"post_tag","embeddable":true,"href":"https:\/\/montignyvelonature.fr\/index.php?rest_route=%2Fwp%2Fv2%2Ftags&post=6824"}],"curies":[{"name":"wp","href":"https:\/\/api.w.org\/{rel}","templated":true}]}}