{"id":6833,"date":"2025-07-26T07:22:21","date_gmt":"2025-07-26T05:22:21","guid":{"rendered":"https:\/\/montignyvelonature.fr\/?p=6833"},"modified":"2025-07-26T07:34:04","modified_gmt":"2025-07-26T05:34:04","slug":"seances-vacances-pour-lanimation-urbaine","status":"publish","type":"post","link":"https:\/\/montignyvelonature.fr\/?p=6833","title":{"rendered":"S\u00e9ances vacances pour l&rsquo;animation urbaine"},"content":{"rendered":"\n<p>M%VN a propos\u00e9 des sorties VTT pour les jeunes de l&rsquo;animation urbaine de la ville de Montigny cette 4\u00e8me semaine de juillet. Une quinzaine de jeunes ont effectu\u00e9 2 randos dans les alentours de Metz. Une belle exp\u00e9rience pour tous avec d\u00e9couverte de beaux parcours, des points de vue sympas, des jeux \u00e0 v\u00e9lo, de l&rsquo;entraide, des mont\u00e9es, de la gadoue apr\u00e8s la pluie et des jambes douloureuses apr\u00e8s 2 bonnes heures de p\u00e9dalage.<\/p>\n\n\n\n<p><\/p>\n","protected":false},"excerpt":{"rendered":"<p>M%VN a propos\u00e9 des sorties VTT pour les jeunes de l&rsquo;animation urbaine de la ville de Montigny cette 4\u00e8me semaine de juillet. Une quinzaine de jeunes ont effectu\u00e9 2 randos dans les alentours de Metz. Une belle exp\u00e9rience pour tous avec d\u00e9couverte de beaux parcours, des points de vue sympas, des jeux \u00e0 v\u00e9lo, de [&hellip;]<\/p>\n","protected":false},"author":1,"featured_media":6834,"comment_status":"closed","ping_status":"closed","sticky":false,"template":"","format":"standard","meta":{"footnotes":""},"categories":[9],"tags":[],"class_list":["post-6833","post","type-post","status-publish","format-standard","has-post-thumbnail","hentry","category-evenements"],"_links":{"self":[{"href":"https:\/\/montignyvelonature.fr\/index.php?rest_route=\/wp\/v2\/posts\/6833"}],"collection":[{"href":"https:\/\/montignyvelonature.fr\/index.php?rest_route=\/wp\/v2\/posts"}],"about":[{"href":"https:\/\/montignyvelonature.fr\/index.php?rest_route=\/wp\/v2\/types\/post"}],"author":[{"embeddable":true,"href":"https:\/\/montignyvelonature.fr\/index.php?rest_route=\/wp\/v2\/users\/1"}],"replies":[{"embeddable":true,"href":"https:\/\/montignyvelonature.fr\/index.php?rest_route=%2Fwp%2Fv2%2Fcomments&post=6833"}],"version-history":[{"count":2,"href":"https:\/\/montignyvelonature.fr\/index.php?rest_route=\/wp\/v2\/posts\/6833\/revisions"}],"predecessor-version":[{"id":6836,"href":"https:\/\/montignyvelonature.fr\/index.php?rest_route=\/wp\/v2\/posts\/6833\/revisions\/6836"}],"wp:featuredmedia":[{"embeddable":true,"href":"https:\/\/montignyvelonature.fr\/index.php?rest_route=\/wp\/v2\/media\/6834"}],"wp:attachment":[{"href":"https:\/\/montignyvelonature.fr\/index.php?rest_route=%2Fwp%2Fv2%2Fmedia&parent=6833"}],"wp:term":[{"taxonomy":"category","embeddable":true,"href":"https:\/\/montignyvelonature.fr\/index.php?rest_route=%2Fwp%2Fv2%2Fcategories&post=6833"},{"taxonomy":"post_tag","embeddable":true,"href":"https:\/\/montignyvelonature.fr\/index.php?rest_route=%2Fwp%2Fv2%2Ftags&post=6833"}],"curies":[{"name":"wp","href":"https:\/\/api.w.org\/{rel}","templated":true}]}}