{"id":6837,"date":"2025-07-28T08:12:25","date_gmt":"2025-07-28T06:12:25","guid":{"rendered":"https:\/\/montignyvelonature.fr\/?p=6837"},"modified":"2025-07-28T08:19:57","modified_gmt":"2025-07-28T06:19:57","slug":"les-anniversaires-daout-2025","status":"publish","type":"post","link":"https:\/\/montignyvelonature.fr\/?p=6837","title":{"rendered":"Les anniversaires d&rsquo;ao\u00fbt 2025\u00a0"},"content":{"rendered":"\t\t<div data-elementor-type=\"wp-post\" data-elementor-id=\"6837\" class=\"elementor elementor-6837\">\n\t\t\t\t\t\t<section class=\"elementor-section elementor-top-section elementor-element elementor-element-de166bf elementor-section-boxed elementor-section-height-default elementor-section-height-default\" data-id=\"de166bf\" data-element_type=\"section\" data-e-type=\"section\">\n\t\t\t\t\t\t<div class=\"elementor-container elementor-column-gap-default\">\n\t\t\t\t\t<div class=\"elementor-column elementor-col-50 elementor-top-column elementor-element elementor-element-3d0a727\" data-id=\"3d0a727\" data-element_type=\"column\" data-e-type=\"column\">\n\t\t\t<div class=\"elementor-widget-wrap elementor-element-populated\">\n\t\t\t\t\t\t<div class=\"elementor-element elementor-element-395faca elementor-widget elementor-widget-text-editor\" data-id=\"395faca\" data-element_type=\"widget\" data-e-type=\"widget\" data-widget_type=\"text-editor.default\">\n\t\t\t\t<div class=\"elementor-widget-container\">\n\t\t\t\t\t\t\t\t\t<p>En ao\u00fbt, bon anniversaire \u00e0 :\u00a0<\/p><ul><li>MOHAMMED AMIN M le 1 ao\u00fbt<\/li><li>LUDOVIC H le 7 ao\u00fbt<\/li><li>ADRIEN H le 8 ao\u00fbt<\/li><li>ALOYS T le 8 ao\u00fbt<\/li><li>TIMOTHEE P le 9 ao\u00fbt<\/li><li>CHARLINE P le 11 ao\u00fbt<\/li><li>GERMAIN B le 17 ao\u00fbt<\/li><li>SANDRINE DB le 25 ao\u00fbt<\/li><li>MARIUS D le 27 ao\u00fbt<\/li><li>FREDERIC V le 30 ao\u00fbt<\/li><\/ul>\t\t\t\t\t\t\t\t<\/div>\n\t\t\t\t<\/div>\n\t\t\t\t\t<\/div>\n\t\t<\/div>\n\t\t\t\t<div class=\"elementor-column elementor-col-50 elementor-top-column elementor-element elementor-element-09be269\" data-id=\"09be269\" data-element_type=\"column\" data-e-type=\"column\">\n\t\t\t<div class=\"elementor-widget-wrap elementor-element-populated\">\n\t\t\t\t\t\t<div class=\"elementor-element elementor-element-0e635f8 elementor-widget elementor-widget-image\" data-id=\"0e635f8\" data-element_type=\"widget\" data-e-type=\"widget\" data-widget_type=\"image.default\">\n\t\t\t\t<div class=\"elementor-widget-container\">\n\t\t\t\t\t\t\t\t\t\t\t\t\t\t\t<img fetchpriority=\"high\" decoding=\"async\" width=\"225\" height=\"225\" src=\"https:\/\/montignyvelonature.fr\/wp-content\/uploads\/2025\/07\/VTT-Soleil.jpg\" class=\"attachment-large size-large wp-image-6840\" alt=\"\" srcset=\"https:\/\/montignyvelonature.fr\/wp-content\/uploads\/2025\/07\/VTT-Soleil.jpg 225w, https:\/\/montignyvelonature.fr\/wp-content\/uploads\/2025\/07\/VTT-Soleil-150x150.jpg 150w\" sizes=\"(max-width: 225px) 100vw, 225px\" \/>\t\t\t\t\t\t\t\t\t\t\t\t\t\t\t<\/div>\n\t\t\t\t<\/div>\n\t\t\t\t\t<\/div>\n\t\t<\/div>\n\t\t\t\t\t<\/div>\n\t\t<\/section>\n\t\t\t\t<\/div>\n\t\t","protected":false},"excerpt":{"rendered":"<p>En ao\u00fbt, bon anniversaire \u00e0 :\u00a0 MOHAMMED AMIN M le 1 ao\u00fbt LUDOVIC H le 7 ao\u00fbt ADRIEN H le 8 ao\u00fbt ALOYS T le 8 ao\u00fbt TIMOTHEE P le 9 ao\u00fbt CHARLINE P le 11 ao\u00fbt GERMAIN B le 17 ao\u00fbt SANDRINE DB le 25 ao\u00fbt MARIUS D le 27 ao\u00fbt FREDERIC V le [&hellip;]<\/p>\n","protected":false},"author":1,"featured_media":993,"comment_status":"closed","ping_status":"closed","sticky":false,"template":"","format":"standard","meta":{"footnotes":""},"categories":[1],"tags":[],"class_list":["post-6837","post","type-post","status-publish","format-standard","has-post-thumbnail","hentry","category-non-classe"],"_links":{"self":[{"href":"https:\/\/montignyvelonature.fr\/index.php?rest_route=\/wp\/v2\/posts\/6837"}],"collection":[{"href":"https:\/\/montignyvelonature.fr\/index.php?rest_route=\/wp\/v2\/posts"}],"about":[{"href":"https:\/\/montignyvelonature.fr\/index.php?rest_route=\/wp\/v2\/types\/post"}],"author":[{"embeddable":true,"href":"https:\/\/montignyvelonature.fr\/index.php?rest_route=\/wp\/v2\/users\/1"}],"replies":[{"embeddable":true,"href":"https:\/\/montignyvelonature.fr\/index.php?rest_route=%2Fwp%2Fv2%2Fcomments&post=6837"}],"version-history":[{"count":4,"href":"https:\/\/montignyvelonature.fr\/index.php?rest_route=\/wp\/v2\/posts\/6837\/revisions"}],"predecessor-version":[{"id":6843,"href":"https:\/\/montignyvelonature.fr\/index.php?rest_route=\/wp\/v2\/posts\/6837\/revisions\/6843"}],"wp:featuredmedia":[{"embeddable":true,"href":"https:\/\/montignyvelonature.fr\/index.php?rest_route=\/wp\/v2\/media\/993"}],"wp:attachment":[{"href":"https:\/\/montignyvelonature.fr\/index.php?rest_route=%2Fwp%2Fv2%2Fmedia&parent=6837"}],"wp:term":[{"taxonomy":"category","embeddable":true,"href":"https:\/\/montignyvelonature.fr\/index.php?rest_route=%2Fwp%2Fv2%2Fcategories&post=6837"},{"taxonomy":"post_tag","embeddable":true,"href":"https:\/\/montignyvelonature.fr\/index.php?rest_route=%2Fwp%2Fv2%2Ftags&post=6837"}],"curies":[{"name":"wp","href":"https:\/\/api.w.org\/{rel}","templated":true}]}}