{"id":6845,"date":"2025-08-10T09:17:55","date_gmt":"2025-08-10T07:17:55","guid":{"rendered":"https:\/\/montignyvelonature.fr\/?p=6845"},"modified":"2025-08-10T09:17:56","modified_gmt":"2025-08-10T07:17:56","slug":"bike-aventure-pour-2-mvn","status":"publish","type":"post","link":"https:\/\/montignyvelonature.fr\/?p=6845","title":{"rendered":"Bike Aventure pour 2 MVN"},"content":{"rendered":"\n<p>Extraordinaire aventure pour 2 MVN. Ils ont particip\u00e9 au Bike Aventure de la FFCT, organis\u00e9 par le comit\u00e9 r\u00e9gional Grand Est. 21 jeunes et 14 encadrants ont effectu\u00e9 un voyage itin\u00e9rant de Marbache \u00e0 Orl\u00e9ans (470 km) et 5 jours pour rejoindre la semaine f\u00e9d\u00e9rale internationale de cyclotourisme. Apr\u00e8s 5 \u00e9tapes en ligne du mardi 29 juillet au samedi 2 ao\u00fbt, ils ont m\u00eame particip\u00e9 \u00e0 la premi\u00e8re journ\u00e9e de la SF, avec encore 120 km au compteur pour Aloys. Une super aventure, entre copains, avec montage des tentes chaque jour, la pluie, les crevaisons, un intendant au top pour la restauration, une ambiance du tonnerre et des moyennes incroyables (22 \u00e0 29 km\/h sur 120 km en v\u00e9lo de route).<\/p>\n","protected":false},"excerpt":{"rendered":"<p>Extraordinaire aventure pour 2 MVN. Ils ont particip\u00e9 au Bike Aventure de la FFCT, organis\u00e9 par le comit\u00e9 r\u00e9gional Grand Est. 21 jeunes et 14 encadrants ont effectu\u00e9 un voyage itin\u00e9rant de Marbache \u00e0 Orl\u00e9ans (470 km) et 5 jours pour rejoindre la semaine f\u00e9d\u00e9rale internationale de cyclotourisme. Apr\u00e8s 5 \u00e9tapes en ligne du mardi [&hellip;]<\/p>\n","protected":false},"author":1,"featured_media":6846,"comment_status":"closed","ping_status":"closed","sticky":false,"template":"","format":"standard","meta":{"footnotes":""},"categories":[6],"tags":[],"class_list":["post-6845","post","type-post","status-publish","format-standard","has-post-thumbnail","hentry","category-ecole"],"_links":{"self":[{"href":"https:\/\/montignyvelonature.fr\/index.php?rest_route=\/wp\/v2\/posts\/6845"}],"collection":[{"href":"https:\/\/montignyvelonature.fr\/index.php?rest_route=\/wp\/v2\/posts"}],"about":[{"href":"https:\/\/montignyvelonature.fr\/index.php?rest_route=\/wp\/v2\/types\/post"}],"author":[{"embeddable":true,"href":"https:\/\/montignyvelonature.fr\/index.php?rest_route=\/wp\/v2\/users\/1"}],"replies":[{"embeddable":true,"href":"https:\/\/montignyvelonature.fr\/index.php?rest_route=%2Fwp%2Fv2%2Fcomments&post=6845"}],"version-history":[{"count":1,"href":"https:\/\/montignyvelonature.fr\/index.php?rest_route=\/wp\/v2\/posts\/6845\/revisions"}],"predecessor-version":[{"id":6847,"href":"https:\/\/montignyvelonature.fr\/index.php?rest_route=\/wp\/v2\/posts\/6845\/revisions\/6847"}],"wp:featuredmedia":[{"embeddable":true,"href":"https:\/\/montignyvelonature.fr\/index.php?rest_route=\/wp\/v2\/media\/6846"}],"wp:attachment":[{"href":"https:\/\/montignyvelonature.fr\/index.php?rest_route=%2Fwp%2Fv2%2Fmedia&parent=6845"}],"wp:term":[{"taxonomy":"category","embeddable":true,"href":"https:\/\/montignyvelonature.fr\/index.php?rest_route=%2Fwp%2Fv2%2Fcategories&post=6845"},{"taxonomy":"post_tag","embeddable":true,"href":"https:\/\/montignyvelonature.fr\/index.php?rest_route=%2Fwp%2Fv2%2Ftags&post=6845"}],"curies":[{"name":"wp","href":"https:\/\/api.w.org\/{rel}","templated":true}]}}