{"id":6971,"date":"2025-11-30T12:42:23","date_gmt":"2025-11-30T11:42:23","guid":{"rendered":"https:\/\/montignyvelonature.fr\/?p=6971"},"modified":"2025-11-30T12:50:41","modified_gmt":"2025-11-30T11:50:41","slug":"les-anniversaires-de-decembre-2025","status":"publish","type":"post","link":"https:\/\/montignyvelonature.fr\/?p=6971","title":{"rendered":"Les anniversaires de d\u00e9cembre 2025"},"content":{"rendered":"\t\t<div data-elementor-type=\"wp-post\" data-elementor-id=\"6971\" class=\"elementor elementor-6971\">\n\t\t\t\t\t\t<section class=\"elementor-section elementor-top-section elementor-element elementor-element-1a986f2 elementor-section-boxed elementor-section-height-default elementor-section-height-default\" data-id=\"1a986f2\" data-element_type=\"section\" data-e-type=\"section\">\n\t\t\t\t\t\t<div class=\"elementor-container elementor-column-gap-default\">\n\t\t\t\t\t<div class=\"elementor-column elementor-col-50 elementor-top-column elementor-element elementor-element-48f39cd\" data-id=\"48f39cd\" data-element_type=\"column\" data-e-type=\"column\">\n\t\t\t<div class=\"elementor-widget-wrap elementor-element-populated\">\n\t\t\t\t\t\t<div class=\"elementor-element elementor-element-b92f797 elementor-widget elementor-widget-text-editor\" data-id=\"b92f797\" data-element_type=\"widget\" data-e-type=\"widget\" data-widget_type=\"text-editor.default\">\n\t\t\t\t<div class=\"elementor-widget-container\">\n\t\t\t\t\t\t\t\t\t<p>En d\u00e9cembre, bon anniversaire \u00e0 :&nbsp;<\/p>\n<ul>\n<li>OSCAR R le 2 d\u00e9cembre<\/li>\n<li>ANTOINE D le 4 d\u00e9cembre<\/li>\n<li>MICHAEL D le 5 d\u00e9cembre<\/li>\n<li>RACHEL P le 5 d\u00e9cembre<\/li>\n<li>TIMOTHE L le 10 d\u00e9cembre<\/li>\n<li>HUGO L le 11 d\u00e9cembre<\/li>\n<li>ANTOINE T le 12 d\u00e9cembre<\/li>\n<li>MATHIS D le 12 d\u00e9cembre<\/li>\n<li>FLORIAN C le 13 d\u00e9cembre<\/li>\n<li>THIERRY N le 13 d\u00e9cembre<\/li>\n<li>DAVID C le 15 d\u00e9cembre<\/li>\n<li>NOAH H le 16 d\u00e9cembre<\/li>\n<li>ALEX V le 17 d\u00e9cembre<\/li>\n<li>VICTOR L le 19 d\u00e9cembre<\/li>\n<li>CLEMENT T le 20 d\u00e9cembre<\/li>\n<li>THIBAUT G le 24 d\u00e9cembre<\/li>\n<li>ALICE H le 25 d\u00e9cembre<\/li>\n<li>WILFRIED V le 25 d\u00e9cembre<\/li>\n<li>ETIENNE P le 25 d\u00e9cembre<\/li>\n<li>THIBAULT L le 28 d\u00e9cembre<\/li><\/ul>\t\t\t\t\t\t\t\t<\/div>\n\t\t\t\t<\/div>\n\t\t\t\t\t<\/div>\n\t\t<\/div>\n\t\t\t\t<div class=\"elementor-column elementor-col-50 elementor-top-column elementor-element elementor-element-851ca38\" data-id=\"851ca38\" data-element_type=\"column\" data-e-type=\"column\">\n\t\t\t<div class=\"elementor-widget-wrap elementor-element-populated\">\n\t\t\t\t\t\t<div class=\"elementor-element elementor-element-9c79d95 elementor-widget elementor-widget-image\" data-id=\"9c79d95\" data-element_type=\"widget\" data-e-type=\"widget\" data-widget_type=\"image.default\">\n\t\t\t\t<div class=\"elementor-widget-container\">\n\t\t\t\t\t\t\t\t\t\t\t\t\t\t\t<img fetchpriority=\"high\" decoding=\"async\" width=\"305\" height=\"165\" src=\"https:\/\/montignyvelonature.fr\/wp-content\/uploads\/2024\/12\/Noel-1.jpg\" class=\"attachment-large size-large wp-image-6189\" alt=\"\" srcset=\"https:\/\/montignyvelonature.fr\/wp-content\/uploads\/2024\/12\/Noel-1.jpg 305w, https:\/\/montignyvelonature.fr\/wp-content\/uploads\/2024\/12\/Noel-1-300x162.jpg 300w\" sizes=\"(max-width: 305px) 100vw, 305px\" \/>\t\t\t\t\t\t\t\t\t\t\t\t\t\t\t<\/div>\n\t\t\t\t<\/div>\n\t\t\t\t\t<\/div>\n\t\t<\/div>\n\t\t\t\t\t<\/div>\n\t\t<\/section>\n\t\t\t\t<\/div>\n\t\t","protected":false},"excerpt":{"rendered":"<p>En d\u00e9cembre, bon anniversaire \u00e0 :&nbsp; OSCAR R le 2 d\u00e9cembre ANTOINE D le 4 d\u00e9cembre MICHAEL D le 5 d\u00e9cembre RACHEL P le 5 d\u00e9cembre TIMOTHE L le 10 d\u00e9cembre HUGO L le 11 d\u00e9cembre ANTOINE T le 12 d\u00e9cembre MATHIS D le 12 d\u00e9cembre FLORIAN C le 13 d\u00e9cembre THIERRY N le 13 [&hellip;]<\/p>\n","protected":false},"author":1,"featured_media":993,"comment_status":"closed","ping_status":"closed","sticky":false,"template":"","format":"standard","meta":{"footnotes":""},"categories":[1],"tags":[],"class_list":["post-6971","post","type-post","status-publish","format-standard","has-post-thumbnail","hentry","category-non-classe"],"_links":{"self":[{"href":"https:\/\/montignyvelonature.fr\/index.php?rest_route=\/wp\/v2\/posts\/6971"}],"collection":[{"href":"https:\/\/montignyvelonature.fr\/index.php?rest_route=\/wp\/v2\/posts"}],"about":[{"href":"https:\/\/montignyvelonature.fr\/index.php?rest_route=\/wp\/v2\/types\/post"}],"author":[{"embeddable":true,"href":"https:\/\/montignyvelonature.fr\/index.php?rest_route=\/wp\/v2\/users\/1"}],"replies":[{"embeddable":true,"href":"https:\/\/montignyvelonature.fr\/index.php?rest_route=%2Fwp%2Fv2%2Fcomments&post=6971"}],"version-history":[{"count":4,"href":"https:\/\/montignyvelonature.fr\/index.php?rest_route=\/wp\/v2\/posts\/6971\/revisions"}],"predecessor-version":[{"id":6975,"href":"https:\/\/montignyvelonature.fr\/index.php?rest_route=\/wp\/v2\/posts\/6971\/revisions\/6975"}],"wp:featuredmedia":[{"embeddable":true,"href":"https:\/\/montignyvelonature.fr\/index.php?rest_route=\/wp\/v2\/media\/993"}],"wp:attachment":[{"href":"https:\/\/montignyvelonature.fr\/index.php?rest_route=%2Fwp%2Fv2%2Fmedia&parent=6971"}],"wp:term":[{"taxonomy":"category","embeddable":true,"href":"https:\/\/montignyvelonature.fr\/index.php?rest_route=%2Fwp%2Fv2%2Fcategories&post=6971"},{"taxonomy":"post_tag","embeddable":true,"href":"https:\/\/montignyvelonature.fr\/index.php?rest_route=%2Fwp%2Fv2%2Ftags&post=6971"}],"curies":[{"name":"wp","href":"https:\/\/api.w.org\/{rel}","templated":true}]}}