{"id":7044,"date":"2026-01-04T19:59:50","date_gmt":"2026-01-04T18:59:50","guid":{"rendered":"https:\/\/montignyvelonature.fr\/?p=7044"},"modified":"2026-01-04T19:59:50","modified_gmt":"2026-01-04T18:59:50","slug":"randonnee-du-nouvel-an","status":"publish","type":"post","link":"https:\/\/montignyvelonature.fr\/?p=7044","title":{"rendered":"Randonn\u00e9e du nouvel an"},"content":{"rendered":"\n<p>Dimanche 4 janvier, une ballade de 8 km a men\u00e9 12 marcheurs dans la zone des \u00e9tangs au sud de Metz, avec des paysages sous la neige, magnifi\u00e9s par les rayons du soleil. Au retour, la galette des rois et le cidre attendaient le petit groupe. Une balade \u00e0 0 degr\u00e9 et du cidre \u00e0 2 degr\u00e9s&#8230; Tout va bien, on n&rsquo;a pas abus\u00e9 des degr\u00e9s <img decoding=\"async\" height=\"16\" width=\"16\" src=\"https:\/\/static.xx.fbcdn.net\/images\/emoji.php\/v9\/t57\/1\/16\/1f609.png\" alt=\"\ud83d\ude09\"><\/p>\n","protected":false},"excerpt":{"rendered":"<p>Dimanche 4 janvier, une ballade de 8 km a men\u00e9 12 marcheurs dans la zone des \u00e9tangs au sud de Metz, avec des paysages sous la neige, magnifi\u00e9s par les rayons du soleil. Au retour, la galette des rois et le cidre attendaient le petit groupe. Une balade \u00e0 0 degr\u00e9 et du cidre \u00e0 [&hellip;]<\/p>\n","protected":false},"author":1,"featured_media":7045,"comment_status":"closed","ping_status":"closed","sticky":false,"template":"","format":"standard","meta":{"footnotes":""},"categories":[1],"tags":[],"class_list":["post-7044","post","type-post","status-publish","format-standard","has-post-thumbnail","hentry","category-non-classe"],"_links":{"self":[{"href":"https:\/\/montignyvelonature.fr\/index.php?rest_route=\/wp\/v2\/posts\/7044"}],"collection":[{"href":"https:\/\/montignyvelonature.fr\/index.php?rest_route=\/wp\/v2\/posts"}],"about":[{"href":"https:\/\/montignyvelonature.fr\/index.php?rest_route=\/wp\/v2\/types\/post"}],"author":[{"embeddable":true,"href":"https:\/\/montignyvelonature.fr\/index.php?rest_route=\/wp\/v2\/users\/1"}],"replies":[{"embeddable":true,"href":"https:\/\/montignyvelonature.fr\/index.php?rest_route=%2Fwp%2Fv2%2Fcomments&post=7044"}],"version-history":[{"count":1,"href":"https:\/\/montignyvelonature.fr\/index.php?rest_route=\/wp\/v2\/posts\/7044\/revisions"}],"predecessor-version":[{"id":7046,"href":"https:\/\/montignyvelonature.fr\/index.php?rest_route=\/wp\/v2\/posts\/7044\/revisions\/7046"}],"wp:featuredmedia":[{"embeddable":true,"href":"https:\/\/montignyvelonature.fr\/index.php?rest_route=\/wp\/v2\/media\/7045"}],"wp:attachment":[{"href":"https:\/\/montignyvelonature.fr\/index.php?rest_route=%2Fwp%2Fv2%2Fmedia&parent=7044"}],"wp:term":[{"taxonomy":"category","embeddable":true,"href":"https:\/\/montignyvelonature.fr\/index.php?rest_route=%2Fwp%2Fv2%2Fcategories&post=7044"},{"taxonomy":"post_tag","embeddable":true,"href":"https:\/\/montignyvelonature.fr\/index.php?rest_route=%2Fwp%2Fv2%2Ftags&post=7044"}],"curies":[{"name":"wp","href":"https:\/\/api.w.org\/{rel}","templated":true}]}}