{"id":7138,"date":"2026-03-06T17:34:54","date_gmt":"2026-03-06T16:34:54","guid":{"rendered":"https:\/\/montignyvelonature.fr\/?p=7138"},"modified":"2026-03-06T17:34:55","modified_gmt":"2026-03-06T16:34:55","slug":"reprise-des-seances-du-mercredi","status":"publish","type":"post","link":"https:\/\/montignyvelonature.fr\/?p=7138","title":{"rendered":"Reprise des s\u00e9ances du mercredi"},"content":{"rendered":"\n<p>L&rsquo;\u00e9cole VTT du mercredi a recommencer \u00e0 rouler mercredi 4 mars avec une m\u00e9t\u00e9o printani\u00e8re.<\/p>\n\n\n\n<p>Les groupes des cyclotins (6-10 ans), roulent tous les mercredis de 17 h \u00e0 18 h 30. Des fourmis dans les jambes ? Venez essayer. Les 3 premi\u00e8res s\u00e9ances sont gratuites.<\/p>\n\n\n\n<p>Au programme : petit parcours VTT, jeux, exercices de pilotage, entretien de son VTT.<\/p>\n\n\n\n<figure class=\"wp-block-gallery has-nested-images columns-default is-cropped wp-block-gallery-1 is-layout-flex wp-block-gallery-is-layout-flex\">\n<figure class=\"wp-block-image size-large\"><img fetchpriority=\"high\" decoding=\"async\" width=\"900\" height=\"675\" data-id=\"7140\" src=\"https:\/\/montignyvelonature.fr\/wp-content\/uploads\/2026\/03\/20260304_175204.jpg\" alt=\"\" class=\"wp-image-7140\" srcset=\"https:\/\/montignyvelonature.fr\/wp-content\/uploads\/2026\/03\/20260304_175204.jpg 900w, https:\/\/montignyvelonature.fr\/wp-content\/uploads\/2026\/03\/20260304_175204-300x225.jpg 300w, https:\/\/montignyvelonature.fr\/wp-content\/uploads\/2026\/03\/20260304_175204-768x576.jpg 768w, https:\/\/montignyvelonature.fr\/wp-content\/uploads\/2026\/03\/20260304_175204-640x480.jpg 640w\" sizes=\"(max-width: 900px) 100vw, 900px\" \/><\/figure>\n\n\n\n<figure class=\"wp-block-image size-large\"><img decoding=\"async\" width=\"900\" height=\"675\" data-id=\"7141\" src=\"https:\/\/montignyvelonature.fr\/wp-content\/uploads\/2026\/03\/20260304_170531.jpg\" alt=\"\" class=\"wp-image-7141\" srcset=\"https:\/\/montignyvelonature.fr\/wp-content\/uploads\/2026\/03\/20260304_170531.jpg 900w, https:\/\/montignyvelonature.fr\/wp-content\/uploads\/2026\/03\/20260304_170531-300x225.jpg 300w, https:\/\/montignyvelonature.fr\/wp-content\/uploads\/2026\/03\/20260304_170531-768x576.jpg 768w, https:\/\/montignyvelonature.fr\/wp-content\/uploads\/2026\/03\/20260304_170531-640x480.jpg 640w\" sizes=\"(max-width: 900px) 100vw, 900px\" \/><\/figure>\n\n\n\n<figure class=\"wp-block-image size-large\"><img decoding=\"async\" width=\"900\" height=\"675\" data-id=\"7142\" src=\"https:\/\/montignyvelonature.fr\/wp-content\/uploads\/2026\/03\/20260304_175151.jpg\" alt=\"\" class=\"wp-image-7142\" srcset=\"https:\/\/montignyvelonature.fr\/wp-content\/uploads\/2026\/03\/20260304_175151.jpg 900w, https:\/\/montignyvelonature.fr\/wp-content\/uploads\/2026\/03\/20260304_175151-300x225.jpg 300w, https:\/\/montignyvelonature.fr\/wp-content\/uploads\/2026\/03\/20260304_175151-768x576.jpg 768w, https:\/\/montignyvelonature.fr\/wp-content\/uploads\/2026\/03\/20260304_175151-640x480.jpg 640w\" sizes=\"(max-width: 900px) 100vw, 900px\" \/><\/figure>\n<\/figure>\n","protected":false},"excerpt":{"rendered":"<p>L&rsquo;\u00e9cole VTT du mercredi a recommencer \u00e0 rouler mercredi 4 mars avec une m\u00e9t\u00e9o printani\u00e8re. Les groupes des cyclotins (6-10 ans), roulent tous les mercredis de 17 h \u00e0 18 h 30. Des fourmis dans les jambes ? Venez essayer. Les 3 premi\u00e8res s\u00e9ances sont gratuites. Au programme : petit parcours VTT, jeux, exercices de [&hellip;]<\/p>\n","protected":false},"author":1,"featured_media":7139,"comment_status":"closed","ping_status":"closed","sticky":false,"template":"","format":"standard","meta":{"footnotes":""},"categories":[6],"tags":[],"class_list":["post-7138","post","type-post","status-publish","format-standard","has-post-thumbnail","hentry","category-ecole"],"_links":{"self":[{"href":"https:\/\/montignyvelonature.fr\/index.php?rest_route=\/wp\/v2\/posts\/7138"}],"collection":[{"href":"https:\/\/montignyvelonature.fr\/index.php?rest_route=\/wp\/v2\/posts"}],"about":[{"href":"https:\/\/montignyvelonature.fr\/index.php?rest_route=\/wp\/v2\/types\/post"}],"author":[{"embeddable":true,"href":"https:\/\/montignyvelonature.fr\/index.php?rest_route=\/wp\/v2\/users\/1"}],"replies":[{"embeddable":true,"href":"https:\/\/montignyvelonature.fr\/index.php?rest_route=%2Fwp%2Fv2%2Fcomments&post=7138"}],"version-history":[{"count":1,"href":"https:\/\/montignyvelonature.fr\/index.php?rest_route=\/wp\/v2\/posts\/7138\/revisions"}],"predecessor-version":[{"id":7143,"href":"https:\/\/montignyvelonature.fr\/index.php?rest_route=\/wp\/v2\/posts\/7138\/revisions\/7143"}],"wp:featuredmedia":[{"embeddable":true,"href":"https:\/\/montignyvelonature.fr\/index.php?rest_route=\/wp\/v2\/media\/7139"}],"wp:attachment":[{"href":"https:\/\/montignyvelonature.fr\/index.php?rest_route=%2Fwp%2Fv2%2Fmedia&parent=7138"}],"wp:term":[{"taxonomy":"category","embeddable":true,"href":"https:\/\/montignyvelonature.fr\/index.php?rest_route=%2Fwp%2Fv2%2Fcategories&post=7138"},{"taxonomy":"post_tag","embeddable":true,"href":"https:\/\/montignyvelonature.fr\/index.php?rest_route=%2Fwp%2Fv2%2Ftags&post=7138"}],"curies":[{"name":"wp","href":"https:\/\/api.w.org\/{rel}","templated":true}]}}