{"id":7144,"date":"2026-03-06T17:49:24","date_gmt":"2026-03-06T16:49:24","guid":{"rendered":"https:\/\/montignyvelonature.fr\/?p=7144"},"modified":"2026-03-06T17:49:24","modified_gmt":"2026-03-06T16:49:24","slug":"en-direct-du-comite-directeur","status":"publish","type":"post","link":"https:\/\/montignyvelonature.fr\/?p=7144","title":{"rendered":"En direct du comit\u00e9 directeur"},"content":{"rendered":"\n<p>Jeudi 5 mars, le comit\u00e9 directeur de MVN a tenu sa premi\u00e8re r\u00e9union de l&rsquo;ann\u00e9e 2026.<\/p>\n\n\n\n<p>L&rsquo;occasion de faire un bilan sur les derni\u00e8res organisations (t\u00e9l\u00e9thon, soir\u00e9e jeux, sortie du nouvel an, soir\u00e9e des b\u00e9n\u00e9voles, soir\u00e9e cr\u00eapes) et sur les investissements r\u00e9cents (conteneur de stockage 21 m3, groupe \u00e9lectrog\u00e8ne 4 kW, friteuse gaz professionnelle).<\/p>\n\n\n\n<p>Les projets \u00e0 venir : s\u00e9jour adultes en Alsace, s\u00e9jour interclubs dans le Sud, formation au pilotage VTT pour adultes, soir\u00e9e karaok\u00e9, La nocturne du Saint Quentin du 10 avril, La randonn\u00e9e des forts du 21 juin, le stage multiactivit\u00e9s de juillet pour enfants&#8230;<\/p>\n\n\n\n<p>Le printemps sera tr\u00e8s anim\u00e9 avec MVN. A ce jour, le club compte 125 licenci\u00e9s et il est encore possible de s&rsquo;inscrire dans l&rsquo;une des 4 sections VTT : adultes loisir, adultes sportifs, enfants d\u00e9butants, enfants confirm\u00e9s. A noter que quelques membres font aussi du v\u00e9lo de route et du gravel. Les activit\u00e9s ont lieu les mardis, mercredis, jeudis, samedis et dimanches.<\/p>\n\n\n\n<p><\/p>\n","protected":false},"excerpt":{"rendered":"<p>Jeudi 5 mars, le comit\u00e9 directeur de MVN a tenu sa premi\u00e8re r\u00e9union de l&rsquo;ann\u00e9e 2026. L&rsquo;occasion de faire un bilan sur les derni\u00e8res organisations (t\u00e9l\u00e9thon, soir\u00e9e jeux, sortie du nouvel an, soir\u00e9e des b\u00e9n\u00e9voles, soir\u00e9e cr\u00eapes) et sur les investissements r\u00e9cents (conteneur de stockage 21 m3, groupe \u00e9lectrog\u00e8ne 4 kW, friteuse gaz professionnelle). Les [&hellip;]<\/p>\n","protected":false},"author":1,"featured_media":7145,"comment_status":"closed","ping_status":"closed","sticky":false,"template":"","format":"standard","meta":{"footnotes":""},"categories":[1],"tags":[],"class_list":["post-7144","post","type-post","status-publish","format-standard","has-post-thumbnail","hentry","category-non-classe"],"_links":{"self":[{"href":"https:\/\/montignyvelonature.fr\/index.php?rest_route=\/wp\/v2\/posts\/7144"}],"collection":[{"href":"https:\/\/montignyvelonature.fr\/index.php?rest_route=\/wp\/v2\/posts"}],"about":[{"href":"https:\/\/montignyvelonature.fr\/index.php?rest_route=\/wp\/v2\/types\/post"}],"author":[{"embeddable":true,"href":"https:\/\/montignyvelonature.fr\/index.php?rest_route=\/wp\/v2\/users\/1"}],"replies":[{"embeddable":true,"href":"https:\/\/montignyvelonature.fr\/index.php?rest_route=%2Fwp%2Fv2%2Fcomments&post=7144"}],"version-history":[{"count":1,"href":"https:\/\/montignyvelonature.fr\/index.php?rest_route=\/wp\/v2\/posts\/7144\/revisions"}],"predecessor-version":[{"id":7146,"href":"https:\/\/montignyvelonature.fr\/index.php?rest_route=\/wp\/v2\/posts\/7144\/revisions\/7146"}],"wp:featuredmedia":[{"embeddable":true,"href":"https:\/\/montignyvelonature.fr\/index.php?rest_route=\/wp\/v2\/media\/7145"}],"wp:attachment":[{"href":"https:\/\/montignyvelonature.fr\/index.php?rest_route=%2Fwp%2Fv2%2Fmedia&parent=7144"}],"wp:term":[{"taxonomy":"category","embeddable":true,"href":"https:\/\/montignyvelonature.fr\/index.php?rest_route=%2Fwp%2Fv2%2Fcategories&post=7144"},{"taxonomy":"post_tag","embeddable":true,"href":"https:\/\/montignyvelonature.fr\/index.php?rest_route=%2Fwp%2Fv2%2Ftags&post=7144"}],"curies":[{"name":"wp","href":"https:\/\/api.w.org\/{rel}","templated":true}]}}